{"id":70548,"date":"2019-12-17T16:55:18","date_gmt":"2019-12-17T21:55:18","guid":{"rendered":"https:\/\/linitiative.ca\/International\/tunisie-kais-saied-devrait-mieux-maitriser-son-langage-et-choisir-ses-mots\/"},"modified":"2019-12-17T16:55:18","modified_gmt":"2019-12-17T21:55:18","slug":"tunisie-kais-saied-devrait-mieux-maitriser-son-langage-et-choisir-ses-mots","status":"publish","type":"post","link":"https:\/\/linitiative.ca\/International\/tunisie-kais-saied-devrait-mieux-maitriser-son-langage-et-choisir-ses-mots\/","title":{"rendered":"Tunisie \u2013 Ka\u00efs Sa\u00efed devrait mieux ma\u00eetriser son langage et choisir ses mots\u00a0!"},"content":{"rendered":"<div class=\"post-cont-in left relative\">\n<div class=\"swp_social_panel swp_horizontal_panel swp_flat_fresh swp_default_full_color swp_individual_full_color swp_other_full_color scale-100 scale-\" data-min-width=\"1100\" data-float-color=\"#ffffff\" data-float=\"none\" data-float-mobile=\"none\" data-transition=\"slide\">\n<div class=\"nc_tweetContainer swp_share_button total_shares total_sharesalt\"><span class=\"swp_count\">35 <span class=\"swp_label\">Partages<\/span><\/span><\/div>\n<\/div>\n<p>L\u2019avocat et activiste politique, Imed en Hlima a d\u00e9clar\u00e9, ce mardi, sur sa page Facebook, que Ka\u00efs Sa\u00efed devrait se rappeler qu\u2019il est le pr\u00e9sident de tous les tunisiens et qu\u2019il devrait, de ce fait, \u00e9viter d\u2019utiliser dans ses discours,les mots ou les phrases qui embrigadent et qui encouragent les gens au chaos et \u00e0 la haine !<\/p>\n<div class=\"code-block code-block-1 c3\"><ins class=\"adsbygoogle c2\" data-ad-layout=\"in-article\" data-ad-format=\"fluid\" data-ad-client=\"ca-pub-2102118777505746\" data-ad-slot=\"7301775417\"\/> <\/div>\n<p><img loading=\"lazy\" decoding=\"async\" class=\"aligncenter size-full wp-image-482807\" src=\"https:\/\/www.tunisienumerique.com\/wp-content\/uploads\/2019\/12\/imed-4.jpg\" alt=\"\" width=\"551\" height=\"498\"\/><\/p>\n<p><strong>Que se passe-t-il en Tunisie?<\/strong><br \/>Nous expliquons sur notre <a href=\"https:\/\/www.youtube.com\/channel\/UCRzypVq0B_yBad5eGrwBx0Q?sub_confirmation=1\" target=\"_blank\" rel=\"noopener noreferrer\">cha\u00eene YouTube<\/a> . <a href=\"https:\/\/www.youtube.com\/channel\/UCRzypVq0B_yBad5eGrwBx0Q?sub_confirmation=1\" target=\"_blank\" rel=\"noopener noreferrer\">Abonnez-vous!<\/a><\/p>\n<div class=\"mvp-org-wrap mvp-org-logo\" itemprop=\"publisher\" itemscope=\"\" itemtype=\"https:\/\/schema.org\/Organization\"><img decoding=\"async\" src=\"https:\/\/www.tunisienumerique.com\/wp-content\/uploads\/2017\/02\/logo_tunisie_numerique.png\"\/><\/div>\n<div class=\"swp_social_panel swp_horizontal_panel swp_flat_fresh swp_default_full_color swp_individual_full_color swp_other_full_color scale-100 scale-\" data-min-width=\"1100\" data-float-color=\"#ffffff\" data-float=\"none\" data-float-mobile=\"none\" data-transition=\"slide\">\n<div class=\"nc_tweetContainer swp_share_button total_shares total_sharesalt\"><span class=\"swp_count\">35 <span class=\"swp_label\">Partages<\/span><\/span><\/div>\n<\/div>\n<div class=\"mvp-related-posts left relative\">\n<h4 class=\"post-header\"><span class=\"post-header\">Lire aussi<\/span><\/h4>\n<\/div>\n<\/div>\n<p>Auteur: LM<br \/>\n<a href=\"https:\/\/www.tunisienumerique.com\/tunisie-kais-saied-devrait-mieux-maitriser-son-langage-et-choisir-ses-mots\/\">Cliquez ici pour lire l&rsquo;article depuis sa source.<\/a><\/p>\n","protected":false},"excerpt":{"rendered":"<p>35 Partages L\u2019avocat et activiste politique, Imed en Hlima a d\u00e9clar\u00e9, ce mardi, sur sa page Facebook, que Ka\u00efs Sa\u00efed devrait se rappeler qu\u2019il est le pr\u00e9sident de tous les tunisiens et qu\u2019il devrait, de ce fait, \u00e9viter d\u2019utiliser dans ses discours,les mots ou les phrases qui embrigadent et qui encouragent les gens au chaos [&hellip;]<\/p>\n","protected":false},"author":1789,"featured_media":70549,"comment_status":"closed","ping_status":"closed","sticky":false,"template":"","format":"standard","meta":{"fifu_image_url":"","fifu_image_alt":"","footnotes":""},"categories":[73,55],"tags":[],"class_list":["post-70548","post","type-post","status-publish","format-standard","has-post-thumbnail","hentry","category-actualite","category-tunisie"],"_links":{"self":[{"href":"https:\/\/linitiative.ca\/International\/wp-json\/wp\/v2\/posts\/70548","targetHints":{"allow":["GET"]}}],"collection":[{"href":"https:\/\/linitiative.ca\/International\/wp-json\/wp\/v2\/posts"}],"about":[{"href":"https:\/\/linitiative.ca\/International\/wp-json\/wp\/v2\/types\/post"}],"author":[{"embeddable":true,"href":"https:\/\/linitiative.ca\/International\/wp-json\/wp\/v2\/users\/1789"}],"replies":[{"embeddable":true,"href":"https:\/\/linitiative.ca\/International\/wp-json\/wp\/v2\/comments?post=70548"}],"version-history":[{"count":0,"href":"https:\/\/linitiative.ca\/International\/wp-json\/wp\/v2\/posts\/70548\/revisions"}],"wp:featuredmedia":[{"embeddable":true,"href":"https:\/\/linitiative.ca\/International\/wp-json\/"}],"wp:attachment":[{"href":"https:\/\/linitiative.ca\/International\/wp-json\/wp\/v2\/media?parent=70548"}],"wp:term":[{"taxonomy":"category","embeddable":true,"href":"https:\/\/linitiative.ca\/International\/wp-json\/wp\/v2\/categories?post=70548"},{"taxonomy":"post_tag","embeddable":true,"href":"https:\/\/linitiative.ca\/International\/wp-json\/wp\/v2\/tags?post=70548"}],"curies":[{"name":"wp","href":"https:\/\/api.w.org\/{rel}","templated":true}]}}