{"id":70550,"date":"2019-12-17T17:11:28","date_gmt":"2019-12-17T22:11:28","guid":{"rendered":"https:\/\/linitiative.ca\/International\/tunisie-elyes-mnakbi-serait-il-en-train-de-preparer-le-terrain-pour-la-reprise-de-tunisair-par-le-qatar\/"},"modified":"2019-12-17T17:11:28","modified_gmt":"2019-12-17T22:11:28","slug":"tunisie-elyes-mnakbi-serait-il-en-train-de-preparer-le-terrain-pour-la-reprise-de-tunisair-par-le-qatar","status":"publish","type":"post","link":"https:\/\/linitiative.ca\/International\/tunisie-elyes-mnakbi-serait-il-en-train-de-preparer-le-terrain-pour-la-reprise-de-tunisair-par-le-qatar\/","title":{"rendered":"Tunisie \u2013 Elyes Mnakbi serait-il en train de pr\u00e9parer le terrain pour la reprise de Tunisair par le Qatar\u00a0?"},"content":{"rendered":"<div class=\"post-cont-in left relative\">\n<div class=\"swp_social_panel swp_horizontal_panel swp_flat_fresh swp_default_full_color swp_individual_full_color swp_other_full_color scale-100 scale-\" data-min-width=\"1100\" data-float-color=\"#ffffff\" data-float=\"none\" data-float-mobile=\"none\" data-transition=\"slide\">\n<div class=\"nc_tweetContainer swp_share_button total_shares total_sharesalt\"><span class=\"swp_count\">1 <span class=\"swp_label\">Partages<\/span><\/span><\/div>\n<\/div>\n<p>Le PDG de la Tunisair a d\u00e9clar\u00e9, ce mardi, au micro d\u2019Exrpess FM, que la compagnie avait pr\u00e9sent\u00e9 une proposition de projet de \u00ab\u00a0partenariat\u00a0\u00bb avec la compagnie a\u00e9rienne qatarie, mais que le conseil des ministres n\u2019a pas daign\u00e9 examiner ce projet.<\/p>\n<div class=\"code-block code-block-1 c3\"><ins class=\"adsbygoogle c2\" data-ad-layout=\"in-article\" data-ad-format=\"fluid\" data-ad-client=\"ca-pub-2102118777505746\" data-ad-slot=\"7301775417\"\/> <\/div>\n<p>Mnakbi a assur\u00e9 que, le plus dur, et qui est l\u2019accord des partenaires sociaux avait, pourtant \u00e9t\u00e9 d\u00e9pass\u00e9, puisque les syndicats \u00e9taient d\u2019accord pour ce projet.<\/p>\n<p>Il a expliqu\u00e9 que la compagnie n\u2019a pas trop de choix, et qu\u2019il faut qu\u2019elle ait un partenaire strat\u00e9gique assez fort, pour pouvoir se restructurer et se ressaisir.<\/p>\n<p>Du coup, plusieurs coins d\u2019ombre ont \u00e9t\u00e9 inond\u00e9s par la lumi\u00e8re, puisqu\u2019on se demandait, jusqu\u2019\u00e0 hier ce qui avait pris Ennahdha pour proposer Mnakbi \u00e0 l\u2019int\u00e9rieur, et on comprend un peu mieux, les efforts acharn\u00e9s de la compagnie pour s\u2019autod\u00e9truire\u00a0!<\/p>\n<p><strong>Que se passe-t-il en Tunisie?<\/strong><br \/>Nous expliquons sur notre <a href=\"https:\/\/www.youtube.com\/channel\/UCRzypVq0B_yBad5eGrwBx0Q?sub_confirmation=1\" target=\"_blank\" rel=\"noopener noreferrer\">cha\u00eene YouTube<\/a> . <a href=\"https:\/\/www.youtube.com\/channel\/UCRzypVq0B_yBad5eGrwBx0Q?sub_confirmation=1\" target=\"_blank\" rel=\"noopener noreferrer\">Abonnez-vous!<\/a><\/p>\n<div class=\"mvp-org-wrap mvp-org-logo\" itemprop=\"publisher\" itemscope=\"\" itemtype=\"https:\/\/schema.org\/Organization\"><img decoding=\"async\" src=\"https:\/\/www.tunisienumerique.com\/wp-content\/uploads\/2017\/02\/logo_tunisie_numerique.png\"\/><\/div>\n<div class=\"swp_social_panel swp_horizontal_panel swp_flat_fresh swp_default_full_color swp_individual_full_color swp_other_full_color scale-100 scale-\" data-min-width=\"1100\" data-float-color=\"#ffffff\" data-float=\"none\" data-float-mobile=\"none\" data-transition=\"slide\">\n<div class=\"nc_tweetContainer swp_share_button total_shares total_sharesalt\"><span class=\"swp_count\">1 <span class=\"swp_label\">Partages<\/span><\/span><\/div>\n<\/div>\n<div class=\"mvp-related-posts left relative\">\n<h4 class=\"post-header\"><span class=\"post-header\">Lire aussi<\/span><\/h4>\n<\/div>\n<\/div>\n<p>Auteur: LM<br \/>\n<a href=\"https:\/\/www.tunisienumerique.com\/tunisie-elyes-mnakbi-serait-il-en-train-de-preparer-le-terrain-pour-la-reprise-de-tunisair-par-le-qatar\/\">Cliquez ici pour lire l&rsquo;article depuis sa source.<\/a><\/p>\n","protected":false},"excerpt":{"rendered":"<p>1 Partages Le PDG de la Tunisair a d\u00e9clar\u00e9, ce mardi, au micro d\u2019Exrpess FM, que la compagnie avait pr\u00e9sent\u00e9 une proposition de projet de \u00ab\u00a0partenariat\u00a0\u00bb avec la compagnie a\u00e9rienne qatarie, mais que le conseil des ministres n\u2019a pas daign\u00e9 examiner ce projet. Mnakbi a assur\u00e9 que, le plus dur, et qui est l\u2019accord des [&hellip;]<\/p>\n","protected":false},"author":1789,"featured_media":70551,"comment_status":"closed","ping_status":"closed","sticky":false,"template":"","format":"standard","meta":{"fifu_image_url":"","fifu_image_alt":"","footnotes":""},"categories":[73,55],"tags":[],"class_list":["post-70550","post","type-post","status-publish","format-standard","has-post-thumbnail","hentry","category-actualite","category-tunisie"],"_links":{"self":[{"href":"https:\/\/linitiative.ca\/International\/wp-json\/wp\/v2\/posts\/70550","targetHints":{"allow":["GET"]}}],"collection":[{"href":"https:\/\/linitiative.ca\/International\/wp-json\/wp\/v2\/posts"}],"about":[{"href":"https:\/\/linitiative.ca\/International\/wp-json\/wp\/v2\/types\/post"}],"author":[{"embeddable":true,"href":"https:\/\/linitiative.ca\/International\/wp-json\/wp\/v2\/users\/1789"}],"replies":[{"embeddable":true,"href":"https:\/\/linitiative.ca\/International\/wp-json\/wp\/v2\/comments?post=70550"}],"version-history":[{"count":0,"href":"https:\/\/linitiative.ca\/International\/wp-json\/wp\/v2\/posts\/70550\/revisions"}],"wp:featuredmedia":[{"embeddable":true,"href":"https:\/\/linitiative.ca\/International\/wp-json\/"}],"wp:attachment":[{"href":"https:\/\/linitiative.ca\/International\/wp-json\/wp\/v2\/media?parent=70550"}],"wp:term":[{"taxonomy":"category","embeddable":true,"href":"https:\/\/linitiative.ca\/International\/wp-json\/wp\/v2\/categories?post=70550"},{"taxonomy":"post_tag","embeddable":true,"href":"https:\/\/linitiative.ca\/International\/wp-json\/wp\/v2\/tags?post=70550"}],"curies":[{"name":"wp","href":"https:\/\/api.w.org\/{rel}","templated":true}]}}