{"id":70552,"date":"2019-12-17T15:15:01","date_gmt":"2019-12-17T20:15:01","guid":{"rendered":"https:\/\/linitiative.ca\/International\/bilan-2019-de-rsf-sur-la-liberte-de-la-presse\/"},"modified":"2019-12-17T15:15:01","modified_gmt":"2019-12-17T20:15:01","slug":"bilan-2019-de-rsf-sur-la-liberte-de-la-presse","status":"publish","type":"post","link":"https:\/\/linitiative.ca\/International\/bilan-2019-de-rsf-sur-la-liberte-de-la-presse\/","title":{"rendered":"BILAN 2019 DE RSF SUR LA LIBERTE DE LA PRESSE"},"content":{"rendered":"<div class=\"stream-item stream-item-above-post-content\">\n<p><noscript><\/p>\n<p><a href=\"\/\/www3.smartadserver.com\/ac?jump=1&#038;nwid=2136&#038;siteid=240610&#038;pgname=rg&#038;fmtid=49046&#038;visit=m&#038;tmstp=[timestamp]&#038;out=nonrich\" target=\"_blank\" rel=\"noopener noreferrer\"><img decoding=\"async\" src=\"\/\/www3.smartadserver.com\/ac?out=nonrich&#038;nwid=2136&#038;siteid=240610&#038;pgname=rg&#038;fmtid=49046&#038;visit=m&#038;tmstp=[timestamp]\" border=\"0\" alt=\"\"\/><\/a><\/p>\n<p><\/noscript><\/div>\n<p class=\"c3\">Reporters sans fronti\u00e8res (RSF) a publi\u00e9, le 17 d\u00e9cembre dernier, son bilan 2019 sur la libert\u00e9 de presse dans le monde. Cette ann\u00e9e, le barom\u00e8tre des violations de la libert\u00e9 de presse fait \u00e9tat de 49 journalistes tu\u00e9s dans le monde, dans l\u2019exercice de leur m\u00e9tier. Un chiffre en forte baisse, comparativement \u00e0 l\u2019ann\u00e9e 2018 o\u00f9 le bilan s\u2019\u00e9levait \u00e0 80 Hommes de m\u00e9dias envoy\u00e9s <em>ad patres<\/em>, pour des raisons en lien avec leurs activit\u00e9s professionnelles. C\u2019est dire si des progr\u00e8s, il y en a eu d\u2019autant que l\u2019organisation internationale souligne, entre autres, que \u00ab\u00a0<em>m\u00eame si le journalisme demeure un m\u00e9tier dangereux, le nombre de tu\u00e9s n\u2019a jamais \u00e9t\u00e9 aussi bas depuis 16 ans<\/em>\u00a0\u00bb.\u00a0 Des chiffres qui portent donc \u00e0 l\u2019optimisme, mais qui cachent mal des d\u00e9fis. D\u2019autant que, souligne le rapport, le nombre de journalistes tu\u00e9s dans des pays\u00a0 qui ne sont pas en situation de conflit, reste \u00e9lev\u00e9, au moment o\u00f9 celui de journalistes emprisonn\u00e9s conna\u00eet une hausse de 12% par rapport \u00e0 l\u2019ann\u00e9e \u00e9coul\u00e9e.<\/p>\n<p><strong>\u00a0<\/strong><\/p>\n<p><strong>Le journaliste reste aujourd\u2019hui encore un personnage g\u00eanant pour bien des dirigeants<\/strong><\/p>\n<p><strong>\u00a0<\/strong><\/p>\n<p class=\"c3\">C\u2019est dire si des efforts restent \u00e0 faire. D\u2019autant que l\u2019ONG de d\u00e9fense des droits des journalistes dit constater \u00ab\u00a0<em>parall\u00e8lement que de plus en plus de journalistes sont sciemment assassin\u00e9s pour leur travail dans des pays d\u00e9mocratiques<\/em> \u00bb.\u00a0 Le moins que l\u2019on puisse dire, c\u2019est que cette baisse des chiffres des journalistes tu\u00e9s \u00e0 travers le monde, dans l\u2019exercice de leur m\u00e9tier, est un signal positif qu\u2019il convient de saluer \u00e0 sa juste valeur. Mais des efforts restent encore \u00e0 faire d\u2019autant plus que les chiffres de cette ann\u00e9e tendent \u00e0 prouver un changement de paradigme se traduisant par une baisse des tueries mais une augmentation des cas d\u2019emprisonnements sans compter les interpellations arbitraires. C\u2019est peut-\u00eatre un moindre mal et cela peut \u00eatre consid\u00e9r\u00e9 comme une avanc\u00e9e. Le probl\u00e8me de fond reste tout de m\u00eame entier en ce sens que le journaliste reste aujourd\u2019hui encore un personnage g\u00eanant pour bien des dirigeants qui s\u2019illustrent en\u00a0 pr\u00e9dateurs des droits humains sur la plan\u00e8te. L\u2019Afrique n\u2019\u00e9chappe pas \u00e0 cette r\u00e8gle. Et \u00e0 l\u2019\u00e9preuve de la libert\u00e9 de presse \u00e0 l\u2019heure des grands changements, la situation reste tr\u00e8s contrast\u00e9e entre des pays comme la Namibie (23<sup>e<\/sup>), qui regagne sa premi\u00e8re place en Afrique, le Burkina Faso (36<sup>e<\/sup>) ou le S\u00e9n\u00e9gal (49<sup>e<\/sup>), qui b\u00e9n\u00e9ficient de paysages m\u00e9diatiques parmi les plus pluralistes, et les moutons noirs de la d\u00e9mocratie comme l\u2019Erythr\u00e9e (178<sup>e<\/sup>) et Djibouti (173<sup>e<\/sup>), o\u00f9 aucun m\u00e9dia ind\u00e9pendant n\u2019est autoris\u00e9 \u00e0 travailler. C\u2019est dire si malgr\u00e9 la faible d\u00e9gradation de son score r\u00e9gional, l\u2019Afrique demeure aujourd\u2019hui encore l\u2019un des continents o\u00f9 la traque des journalistes qui g\u00eanent les pouvoirs en place, se fait le plus sentir. Surtout lorsque ce travail tend \u00e0 lever le voile sur des pratiques et des affaires v\u00e9reuses que bien des dirigeants auraient aim\u00e9 dissimuler. C\u2019est pourquoi il n\u2019est pas exag\u00e9r\u00e9 de dire qu\u2019en Afrique,\u00a0 continent encore \u00e0 l\u2019\u00e9cole de la d\u00e9mocratie, bien plus que des \u00e9veilleurs de consciences, les journalistes sont des piliers\u00a0 de la d\u00e9mocratie quand ils arrivent \u00e0 inscrire leur combat\u00a0 dans le sens du respect des valeurs de l\u2019Etat de droit.<\/p>\n<p><strong>Le bilan 2019 de RSF interpelle sur la n\u00e9cessit\u00e9 de prot\u00e9ger les journalistes, dans l\u2019exercice de leur m\u00e9tier<\/strong><\/p>\n<p><strong>\u00a0<\/strong><\/p>\n<p class=\"c3\">Car, dans un environnement o\u00f9 le r\u00e9flexe de bien des dirigeants, est \u00e0 l\u2019autoritarisme, c\u2019est peu d\u2019affirmer que le journalisme est un m\u00e9tier risqu\u00e9. Particuli\u00e8rement quand on a fait le choix de l\u2019ind\u00e9pendance \u00e9ditoriale vis-\u00e0-vis des \u00e9lites politiques. Les cas Norbert Zongo au Burkina et Deydi Hydara en Gambie, assassin\u00e9s respectivement en 1998 et en 2004, sont suffisamment \u00e9loquents \u00e0 ce propos. La publication de ce bilan RSF 2019, intervient au \u00a0moment o\u00f9 leurs dossiers sont toujours pendants en Justice et au lendemain de la comm\u00e9moration de leurs assassinats respectifs dans des conditions qui restent encore \u00e0 \u00eatre \u00e9lucid\u00e9es.\u00a0 En tout \u00e9tat de cause, ce bilan 2019 de RSF interpelle sur la n\u00e9cessit\u00e9 de prot\u00e9ger les journalistes, dans l\u2019exercice de leur m\u00e9tier. A ce propos, l\u2019on peut se demander si les mesures onusiennes visant \u00e0 une meilleure protection juridique des journalistes dans l\u2019exercice de leur m\u00e9tier, ont connu une avanc\u00e9e significative. Si ce n\u2019est pas le cas, il est peut-\u00eatre temps d\u2019y\u00a0 penser s\u00e9rieusement. Car, la baisse des chiffres en 2019 est loin de signifier une \u00ab\u00a0<em>embellie<\/em>\u00a0\u00bb d\u00e9finitivement acquise pour tous les peuples, partout dans le monde. Et le plus grand d\u00e9fi est de travailler \u00e0 ce que ces chiffres ne connaissent pas un recul,\u00a0 la libert\u00e9 de presse \u00e9tant une qu\u00eate permanente pour tous les pays et sur tous les continents.<\/p>\n<p><strong><em>\u00a0\u00ab\u00a0Le Pays\u00a0\u00bb<\/em><\/strong><\/p>\n<p><strong>\u00a0<\/strong><\/p>\n<p><strong>\u00a0<\/strong><\/p>\n<p>Auteur: Le Pays<br \/>\n<a href=\"http:\/\/lepays.bf\/bilan-2019-de-rsf-sur-la-liberte-de-la-presse\/\">Cliquez ici pour lire l&rsquo;article depuis sa source.<\/a><\/p>\n","protected":false},"excerpt":{"rendered":"<p>Reporters sans fronti\u00e8res (RSF) a publi\u00e9, le 17 d\u00e9cembre dernier, son bilan 2019 sur la libert\u00e9 de presse dans le monde. Cette ann\u00e9e, le barom\u00e8tre des violations de la libert\u00e9 de presse fait \u00e9tat de 49 journalistes tu\u00e9s dans le monde, dans l\u2019exercice de leur m\u00e9tier. Un chiffre en forte baisse, comparativement \u00e0 l\u2019ann\u00e9e 2018 [&hellip;]<\/p>\n","protected":false},"author":1813,"featured_media":0,"comment_status":"closed","ping_status":"closed","sticky":false,"template":"","format":"standard","meta":{"fifu_image_url":"","fifu_image_alt":"","footnotes":""},"categories":[73,81],"tags":[],"class_list":["post-70552","post","type-post","status-publish","format-standard","hentry","category-actualite","category-burkina-faso"],"_links":{"self":[{"href":"https:\/\/linitiative.ca\/International\/wp-json\/wp\/v2\/posts\/70552","targetHints":{"allow":["GET"]}}],"collection":[{"href":"https:\/\/linitiative.ca\/International\/wp-json\/wp\/v2\/posts"}],"about":[{"href":"https:\/\/linitiative.ca\/International\/wp-json\/wp\/v2\/types\/post"}],"author":[{"embeddable":true,"href":"https:\/\/linitiative.ca\/International\/wp-json\/wp\/v2\/users\/1813"}],"replies":[{"embeddable":true,"href":"https:\/\/linitiative.ca\/International\/wp-json\/wp\/v2\/comments?post=70552"}],"version-history":[{"count":0,"href":"https:\/\/linitiative.ca\/International\/wp-json\/wp\/v2\/posts\/70552\/revisions"}],"wp:attachment":[{"href":"https:\/\/linitiative.ca\/International\/wp-json\/wp\/v2\/media?parent=70552"}],"wp:term":[{"taxonomy":"category","embeddable":true,"href":"https:\/\/linitiative.ca\/International\/wp-json\/wp\/v2\/categories?post=70552"},{"taxonomy":"post_tag","embeddable":true,"href":"https:\/\/linitiative.ca\/International\/wp-json\/wp\/v2\/tags?post=70552"}],"curies":[{"name":"wp","href":"https:\/\/api.w.org\/{rel}","templated":true}]}}