{"id":70553,"date":"2019-12-17T15:18:56","date_gmt":"2019-12-17T20:18:56","guid":{"rendered":"https:\/\/linitiative.ca\/International\/manifs-contre-adama-barrow-en-gambie\/"},"modified":"2019-12-17T15:18:56","modified_gmt":"2019-12-17T20:18:56","slug":"manifs-contre-adama-barrow-en-gambie","status":"publish","type":"post","link":"https:\/\/linitiative.ca\/International\/manifs-contre-adama-barrow-en-gambie\/","title":{"rendered":"MANIFS CONTRE ADAMA BARROW EN GAMBIE"},"content":{"rendered":"<div class=\"stream-item stream-item-above-post-content\">\n<p><noscript><\/p>\n<p><a href=\"\/\/www3.smartadserver.com\/ac?jump=1&#038;nwid=2136&#038;siteid=240610&#038;pgname=rg&#038;fmtid=49046&#038;visit=m&#038;tmstp=[timestamp]&#038;out=nonrich\" target=\"_blank\" rel=\"noopener noreferrer\"><img decoding=\"async\" src=\"\/\/www3.smartadserver.com\/ac?out=nonrich&#038;nwid=2136&#038;siteid=240610&#038;pgname=rg&#038;fmtid=49046&#038;visit=m&#038;tmstp=[timestamp]\" border=\"0\" alt=\"\"\/><\/a><\/p>\n<p><\/noscript><\/div>\n<p class=\"c3\">\u00ab\u00a0<em>Une promesse est une dette\u00a0<\/em>\u00bb, dit un adage bien connu. Mais cela est-il valable en politique\u00a0? On peut r\u00e9pondre par la n\u00e9gative\u00a0; tant ils sont nombreux, les hommes politiques qui, une fois parvenus au pouvoir, ne respectent pas leurs engagements ou devrions-nous dire, ne tiennent pas leurs promesses. C\u2019est le cas, par exemple, du pr\u00e9sident gambien, Adama Barrow qui, pendant la campagne \u00e9lectorale, avait promis \u00e0 ses compatriotes d\u2019\u00e9courter son mandat au bout de trois ans, s\u2019il \u00e9tait \u00e9lu \u00e0 la t\u00eate de son pays. Arriv\u00e9 au pouvoir en 2016, avec le soutien d\u2019une coalition de l\u2019opposition qui a r\u00e9ussi \u00e0 d\u00e9fier le dictateur Yahya Jammeh, Adama Barrow donne l\u2019impression d\u2019y avoir pris go\u00fbt si fait qu\u2019il ne compte pas larguer de sit\u00f4t les amarres et ce, alors m\u00eame qu\u2019il aura, dans quelques semaines seulement, totalis\u00e9 trois bonnes ann\u00e9es \u00e0 la <em>Slate House<\/em>. \u00ab\u00a0<em>Personne ne pourra me forcer \u00e0 quitter le pouvoir avant 2021. Nous irons aux \u00e9lections et je transmettrai dignement le pouvoir \u00e0 quiconque l\u2019emportera\u00a0<\/em>\u00bb, avait-il d\u00e9clar\u00e9 en fin mars dernier dans les colonnes du journal <em>The Standard<\/em>. De quoi irriter certains de ses soutiens qui ont d\u00e9fil\u00e9 massivement le 16 d\u00e9cembre dernier \u00e0 Banjul. Ils lui demandent de d\u00e9barrasser le plancher au plus tard le 19 janvier prochain\u00a0; faute de quoi ils vont remettre le couvert en manifestant, ce jour-l\u00e0, en direction du palais pr\u00e9sidentiel.<\/p>\n<p><strong>\u00a0<\/strong><\/p>\n<p><strong>\u00a0<\/strong><\/p>\n<p><strong>Les lambris dor\u00e9s du pouvoir ont leur raison dor\u00e9s que le commun des mortels ignore<\/strong><\/p>\n<p><strong>\u00a0<\/strong><\/p>\n<p class=\"c3\">C\u2019est dire si l\u2019on s\u2019achemine vers un bras de fer entre le peuple gambien et le pr\u00e9sident Barrow dont l\u2019avenir politique est en train de prendre ainsi un s\u00e9rieux coup. Pouvait-il en \u00eatre autrement quand on sait que les hommes politiques sont ainsi faits qu\u2019ils excellent dans la roublardise et les pantalonnades ? En effet, peu avant Adama Barrow de la Gambie, c\u2019est le pr\u00e9sident Patrice Talon du B\u00e9nin qui avait promis de faire un seul mandat mais qui, parvenu au pouvoir, s\u2019est r\u00e9tract\u00e9.\u00a0 A preuve, tout porte \u00e0 croire que l\u2019homme sera dans les <em>starting-blocks<\/em> pour la prochaine pr\u00e9sidentielle. Et ce n\u2019est pas tout. Pour conqu\u00e9rir le c\u0153ur des S\u00e9n\u00e9galais, Macky Sall, alors en campagne en 2012, avait promis de ramener le mandat pr\u00e9sidentiel de sept \u00e0 cinq ans. Mais aujourd\u2019hui, le d\u00e9bat n\u2019est plus \u00e0 l\u2019ordre du jour puisque le successeur de Wade a man\u0153uvr\u00e9, m\u00eame s\u2019il est vrai qu\u2019il y a mis la forme, pour que le mandat pr\u00e9sidentiel demeure tel quel. Comme quoi, les lambris dor\u00e9s du pouvoir ont leur raison que le commun des mortels ignore si fait que peu de dirigeants se soucient du respect de la parole donn\u00e9e. Qu\u2019il est donc vrai que le pouvoir, \u00a0comme qui dirait, ne transforme pas l\u2019homme mais le r\u00e9v\u00e8le!<\/p>\n<p class=\"c3\">\u00a0<strong>B.O<\/strong><\/p>\n<p>Auteur: Le Pays<br \/>\n<a href=\"http:\/\/lepays.bf\/manifs-contre-adama-barrow-en-gambie\/\">Cliquez ici pour lire l&rsquo;article depuis sa source.<\/a><\/p>\n","protected":false},"excerpt":{"rendered":"<p>\u00ab\u00a0Une promesse est une dette\u00a0\u00bb, dit un adage bien connu. Mais cela est-il valable en politique\u00a0? On peut r\u00e9pondre par la n\u00e9gative\u00a0; tant ils sont nombreux, les hommes politiques qui, une fois parvenus au pouvoir, ne respectent pas leurs engagements ou devrions-nous dire, ne tiennent pas leurs promesses. C\u2019est le cas, par exemple, du pr\u00e9sident [&hellip;]<\/p>\n","protected":false},"author":1813,"featured_media":0,"comment_status":"closed","ping_status":"closed","sticky":false,"template":"","format":"standard","meta":{"fifu_image_url":"","fifu_image_alt":"","footnotes":""},"categories":[73,81],"tags":[],"class_list":["post-70553","post","type-post","status-publish","format-standard","hentry","category-actualite","category-burkina-faso"],"_links":{"self":[{"href":"https:\/\/linitiative.ca\/International\/wp-json\/wp\/v2\/posts\/70553","targetHints":{"allow":["GET"]}}],"collection":[{"href":"https:\/\/linitiative.ca\/International\/wp-json\/wp\/v2\/posts"}],"about":[{"href":"https:\/\/linitiative.ca\/International\/wp-json\/wp\/v2\/types\/post"}],"author":[{"embeddable":true,"href":"https:\/\/linitiative.ca\/International\/wp-json\/wp\/v2\/users\/1813"}],"replies":[{"embeddable":true,"href":"https:\/\/linitiative.ca\/International\/wp-json\/wp\/v2\/comments?post=70553"}],"version-history":[{"count":0,"href":"https:\/\/linitiative.ca\/International\/wp-json\/wp\/v2\/posts\/70553\/revisions"}],"wp:attachment":[{"href":"https:\/\/linitiative.ca\/International\/wp-json\/wp\/v2\/media?parent=70553"}],"wp:term":[{"taxonomy":"category","embeddable":true,"href":"https:\/\/linitiative.ca\/International\/wp-json\/wp\/v2\/categories?post=70553"},{"taxonomy":"post_tag","embeddable":true,"href":"https:\/\/linitiative.ca\/International\/wp-json\/wp\/v2\/tags?post=70553"}],"curies":[{"name":"wp","href":"https:\/\/api.w.org\/{rel}","templated":true}]}}