{"id":70554,"date":"2019-12-17T15:21:32","date_gmt":"2019-12-17T20:21:32","guid":{"rendered":"https:\/\/linitiative.ca\/International\/retour-de-francois-bozize-au-bercail\/"},"modified":"2019-12-17T15:21:32","modified_gmt":"2019-12-17T20:21:32","slug":"retour-de-francois-bozize-au-bercail","status":"publish","type":"post","link":"https:\/\/linitiative.ca\/International\/retour-de-francois-bozize-au-bercail\/","title":{"rendered":"RETOUR DE FRAN\u00c7OIS BOZIZE AU BERCAIL"},"content":{"rendered":"<div class=\"stream-item stream-item-above-post-content\">\n<p><noscript><\/p>\n<p><a href=\"\/\/www3.smartadserver.com\/ac?jump=1&#038;nwid=2136&#038;siteid=240610&#038;pgname=rg&#038;fmtid=49046&#038;visit=m&#038;tmstp=[timestamp]&#038;out=nonrich\" target=\"_blank\" rel=\"noopener noreferrer\"><img decoding=\"async\" src=\"\/\/www3.smartadserver.com\/ac?out=nonrich&#038;nwid=2136&#038;siteid=240610&#038;pgname=rg&#038;fmtid=49046&#038;visit=m&#038;tmstp=[timestamp]\" border=\"0\" alt=\"\"\/><\/a><\/p>\n<p><\/noscript><\/div>\n<p class=\"c3\">C\u2019est en toute discr\u00e9tion que l\u2019ancien pr\u00e9sident centrafricain, Fran\u00e7ois Boziz\u00e9, a sign\u00e9 son retour \u00e0 Bangui, le 15 d\u00e9cembre dernier. Par quel moyen a-t-il pu regagner son pays natal\u00a0? Difficile de r\u00e9pondre \u00e0 cette question dans la mesure o\u00f9 les autorit\u00e9s centrafricaines, elles-m\u00eames, se disent surprises par ce retour. En effet, Fran\u00e7ois Boziz\u00e9 est non seulement sous le coup de sanctions onusiennes, mais aussi les compagnies a\u00e9riennes desservant Bangui, conform\u00e9ment \u00e0 une circulaire du minist\u00e8re centrafricain des Transports, ont l\u2019interdiction de le transporter par avion vers l\u2019ex-Oubangui Chari. Mais si l\u2019on en croit le porte-parole du parti de Boziz\u00e9, le Kwa Na kwa (KNK), l\u2019ex-chef de l\u2019Etat aurait fait la route \u00ab\u00a0<em>en partie \u00e0 pied\u00a0\u00bb<\/em> et en partie \u00ab\u00a0<em>dans un v\u00e9hicule\u00a0<\/em>\u00bb et cela, sans \u00eatre accompagn\u00e9. D\u00e8s lors, il se pose tout de m\u00eame des questions. Fran\u00e7ois Boziz\u00e9 a-t-il pris le soin d\u2019informer les autorit\u00e9s ougandaises qui lui avaient offert g\u00eete et couvert, qu\u2019il allait regagner son pays\u00a0? Ou alors a-t-il d\u00e9cid\u00e9 d\u2019en faire \u00e0 sa t\u00eate en quittant son pays h\u00f4te sans crier gare\u00a0? La deuxi\u00e8me hypoth\u00e8se para\u00eet plus plausible. Car on imagine bien que s\u2019il \u00e9tait inform\u00e9, le pouvoir ougandais aurait pu, pour faire dans le diplomatiquement correct, en informer les autorit\u00e9s centrafricaines. A moins que Kampala n\u2019ait voulu, par cette occasion, se d\u00e9barrasser \u00a0\u00a0d\u2019un colis encombrant.<\/p>\n<p><strong>\u00a0<\/strong><\/p>\n<p><strong>\u00a0<\/strong><\/p>\n<p><strong>Tout se passe comme si Boziz\u00e9 avait fait le choix de \u00a0\u00a0mettre les autorit\u00e9s devant le fait accompli<\/strong><\/p>\n<p><strong>\u00a0<\/strong><\/p>\n<p class=\"c3\">Cela dit, maintenant que Fran\u00e7ois Boziz\u00e9 est de retour au bercail, que va-t-il se passer\u00a0? Sera-t-il, comme le souhaitent ses proches, \u00ab\u00a0<em>trait\u00e9 comme tous les autres acteurs de la crise avec respect et avec les \u00e9gards dus \u00e0 son rang\u00a0<\/em>\u00bb, par les autorit\u00e9s ? On attend de voir. Pour le moins, on sait que l\u2019accord de paix sign\u00e9 le 6 f\u00e9vrier 2019, pr\u00e9voyait une loi sur le statut des anciens chefs d\u2019Etat.\u00a0 Mais le texte, sauf erreur ou omission, n\u2019a pas encore atterri sur le bureau de l\u2019Assembl\u00e9e nationale. En tout cas, s\u2019il y a une chose dont on peut \u00eatre s\u00fbr, c\u2019est que les autorit\u00e9s de Bangui ne verront pas d\u2019un bon \u0153il le retour de l\u2019ex-pr\u00e9sident. Car, tout se passe comme si ce dernier avait fait le choix de les mettre devant le fait accompli en d\u00e9cidant de rentrer en <em>catimini<\/em>. Mais en le faisant, Boziz\u00e9 joue gros. En effet, s\u2019il est vrai que pour \u00a0pouvoir se pr\u00e9senter \u00e0 la prochaine pr\u00e9sidentielle, le successeur de Michel Djotodia devait \u00eatre de retour au pays avant fin d\u00e9cembre, il ne faut cependant pas oublier que le pouvoir de Bangui, s\u2019il le souhaite, peut lui chercher des noises. Et en pareille occurrence, il suffit de saisir la Justice qui ne manquera pas de motifs pour engager des poursuites contre celui-l\u00e0 dont la gouvernance, on le sait, a \u00e9t\u00e9 caract\u00e9ris\u00e9e par la corruption, le client\u00e9lisme et la gabegie. C\u2019est dire donc que rien n\u2019est gagn\u00e9 d\u2019avance. Car, m\u00eame de retour au pays natal, rien ne garantit pour l\u2019instant l\u2019\u00e9ligibilit\u00e9 de Fran\u00e7ois Boziz\u00e9.<\/p>\n<p class=\"c3\">\u00a0<strong>B.O<\/strong><\/p>\n<p>Auteur: Le Pays<br \/>\n<a href=\"http:\/\/lepays.bf\/retour-de-francois-bozize-au-bercail-2\/\">Cliquez ici pour lire l&rsquo;article depuis sa source.<\/a><\/p>\n","protected":false},"excerpt":{"rendered":"<p>C\u2019est en toute discr\u00e9tion que l\u2019ancien pr\u00e9sident centrafricain, Fran\u00e7ois Boziz\u00e9, a sign\u00e9 son retour \u00e0 Bangui, le 15 d\u00e9cembre dernier. Par quel moyen a-t-il pu regagner son pays natal\u00a0? Difficile de r\u00e9pondre \u00e0 cette question dans la mesure o\u00f9 les autorit\u00e9s centrafricaines, elles-m\u00eames, se disent surprises par ce retour. En effet, Fran\u00e7ois Boziz\u00e9 est non [&hellip;]<\/p>\n","protected":false},"author":1813,"featured_media":0,"comment_status":"closed","ping_status":"closed","sticky":false,"template":"","format":"standard","meta":{"fifu_image_url":"","fifu_image_alt":"","footnotes":""},"categories":[73,81],"tags":[],"class_list":["post-70554","post","type-post","status-publish","format-standard","hentry","category-actualite","category-burkina-faso"],"_links":{"self":[{"href":"https:\/\/linitiative.ca\/International\/wp-json\/wp\/v2\/posts\/70554","targetHints":{"allow":["GET"]}}],"collection":[{"href":"https:\/\/linitiative.ca\/International\/wp-json\/wp\/v2\/posts"}],"about":[{"href":"https:\/\/linitiative.ca\/International\/wp-json\/wp\/v2\/types\/post"}],"author":[{"embeddable":true,"href":"https:\/\/linitiative.ca\/International\/wp-json\/wp\/v2\/users\/1813"}],"replies":[{"embeddable":true,"href":"https:\/\/linitiative.ca\/International\/wp-json\/wp\/v2\/comments?post=70554"}],"version-history":[{"count":0,"href":"https:\/\/linitiative.ca\/International\/wp-json\/wp\/v2\/posts\/70554\/revisions"}],"wp:attachment":[{"href":"https:\/\/linitiative.ca\/International\/wp-json\/wp\/v2\/media?parent=70554"}],"wp:term":[{"taxonomy":"category","embeddable":true,"href":"https:\/\/linitiative.ca\/International\/wp-json\/wp\/v2\/categories?post=70554"},{"taxonomy":"post_tag","embeddable":true,"href":"https:\/\/linitiative.ca\/International\/wp-json\/wp\/v2\/tags?post=70554"}],"curies":[{"name":"wp","href":"https:\/\/api.w.org\/{rel}","templated":true}]}}