{"id":70555,"date":"2019-12-17T15:23:38","date_gmt":"2019-12-17T20:23:38","guid":{"rendered":"https:\/\/linitiative.ca\/International\/pourparlers-de-paix-intermaliens\/"},"modified":"2019-12-17T15:23:38","modified_gmt":"2019-12-17T20:23:38","slug":"pourparlers-de-paix-intermaliens","status":"publish","type":"post","link":"https:\/\/linitiative.ca\/International\/pourparlers-de-paix-intermaliens\/","title":{"rendered":"POURPARLERS DE PAIX INTERMALIENS"},"content":{"rendered":"<div class=\"stream-item stream-item-above-post-content\">\n<p><noscript><\/p>\n<p><a href=\"\/\/www3.smartadserver.com\/ac?jump=1&#038;nwid=2136&#038;siteid=240610&#038;pgname=rg&#038;fmtid=49046&#038;visit=m&#038;tmstp=[timestamp]&#038;out=nonrich\" target=\"_blank\" rel=\"noopener noreferrer\"><img decoding=\"async\" src=\"\/\/www3.smartadserver.com\/ac?out=nonrich&#038;nwid=2136&#038;siteid=240610&#038;pgname=rg&#038;fmtid=49046&#038;visit=m&#038;tmstp=[timestamp]\" border=\"0\" alt=\"\"\/><\/a><\/p>\n<p><\/noscript><\/div>\n<p class=\"c3\">\u00ab\u00a0<em>Quel est le mal du Mali\u00a0?\u00a0\u00bb \u00ab\u00a0D\u2019o\u00f9 vient-il\u00a0?\u00a0\u00bb\u00a0\u00ab\u00a0Et comment le soigner\u00a0?\u00a0<\/em>\u00bb. Telles sont les questions auxquelles le pr\u00e9sident malien, Ibrahim Boubacar K\u00e9ita\u00a0 (IBK), invite ses compatriotes \u00e0 trouver des r\u00e9ponses dans le cadre du Dialogue national inclusif (DNI) qui s\u2019est ouvert le 14 d\u00e9cembre dernier et qui, en principe, doit se poursuivre jusqu\u2019au 22 d\u00e9cembre 2019. Sont donc pr\u00e9sents sous l\u2019arbre \u00e0 palabres, la majorit\u00e9 pr\u00e9sidentielle, des acteurs de la soci\u00e9t\u00e9 civile mais aussi et surtout des repr\u00e9sentants des ex-rebelles de la Coordination des mouvements de l\u2019Azawad (CMA) venus de Kidal. La seule fausse note vient de l\u2019opposition politique, avec \u00e0 sa t\u00eate, Soumaila Ciss\u00e9, qui a d\u00e9cid\u00e9 de boycotter ces pourparlers de paix que le pr\u00e9sident IBK appelle de tous ses v\u0153ux. La raison\u00a0? La voici\u00a0: \u00ab\u00a0<em>Nous avons pos\u00e9 un certain nombre de conditions parmi lesquelles il faut discuter de tout. Pas de sujet tabou. Il faut que les r\u00e9sultats puissent s\u2019imposer \u00e0 tout le monde. Mais nous avons vu des indices qui nous font croire que cela n\u2019est pas possible\u00a0\u00bb,<\/em> a laiss\u00e9 entendre le chef de file de l\u2019opposition, Souma\u00efla Ciss\u00e9. Et d\u2019ajouter\u00a0: \u00ab\u00a0<em>(\u2026) Les mouvements arm\u00e9s ont accept\u00e9 de participer au dialogue \u00e0 condition qu\u2019on ne touche pas \u00e0 l\u2019accord de paix d\u2019Alger. Cela veut dire que c\u2019est un sujet qui est devenu tabou<\/em>\u00a0\u00bb. Vous avez bien dit dialogue national inclusif\u00a0? Jugez-en vous-m\u00eames\u00a0! Le Mali est comparable \u00e0 un patient qui, devant le m\u00e9decin traitant, choisit de faire totalement abstraction de ses ant\u00e9c\u00e9dents, oubliant que cela peut biaiser le diagnostic. Et c\u2019est peu dire\u00a0! Car, comment peut-on trouver une solution \u00e0 la crise dont souffre le pays de Soundjata Keita, si les uns et les autres s\u2019arc-boutent sur l\u2019accord d\u2019Alger dont on sait qu\u2019il a \u00e9t\u00e9 plusieurs fois malmen\u00e9 tant et si bien qu\u2019il para\u00eet aujourd\u2019hui obsol\u00e8te\u00a0?<\/p>\n<p><strong>On ose esp\u00e9rer que les protagonistes de la crise malienne s\u2019accorderont sur un minimum<\/strong><\/p>\n<p><strong>\u00a0<\/strong><\/p>\n<p class=\"c3\">C\u2019est \u00e0 se demander si l\u2019opposition politique n\u2019a pas vu juste en d\u00e9cidant de bouder ce qu\u2019elle consid\u00e8re comme \u00ab\u00a0<em>une s\u00e9ance de communication\u00a0<\/em>\u00bb qui, en r\u00e9alit\u00e9, ne fera pas avancer le Mali. Plut\u00f4t donc que de trouver des solutions au mal dont souffre le Mali, le dialogue national inclusif, s\u2019il en est, risque d\u2019en rajouter \u00e0 la crise en ravivant les divergences d\u00e9j\u00e0 fort criardes. Et ce serait sans doute par la faute de IBK qui, malheureusement, n\u2019a pas su trouver les mots justes pour amener l\u2019opposition \u00e0 la table des n\u00e9gociations. Il aura \u00a0ainsi fait preuve de mollesse et manqu\u00e9 de doigt\u00e9 et ce, alors m\u00eame que son pays traverse la pire crise de son histoire. Certes, IBK peut, tout au moins, se f\u00e9liciter de la participation de la CMA au dialogue national inclusif qui se d\u00e9roule actuellement en pl\u00e9ni\u00e8res. Mais il devra se garder de\u00a0 tout triomphalisme quand on sait que les ma\u00eetres de Kidal sont pass\u00e9s ma\u00eetres dans la roublardise et les pantalonnades. Si fait qu\u2019ils peuvent signer un accord le matin et le remettre en cause le soir venu. \u00a0Le fait m\u00eame d\u2019avoir exig\u00e9 et obtenu que ne soit pas abord\u00e9 l\u2019accord de paix d\u2019Alger\u00a0 au cours des pourparlers en cours, traduit\u00a0 l\u2019\u00e9tat d\u2019esprit des ex-rebelles qui, on le sait, sont favorables au <em>statu quo<\/em> autour du statut de Kidal. Et ce n\u2019est pas tout. Ils ont remis le couvert en amenant le d\u00e9bat sur la charia autour de la\u00a0 table des n\u00e9gociations. Toute chose qui n\u2019a pas manqu\u00e9 d\u2019irriter certains participants qui estiment que la la\u00efcit\u00e9 de l\u2019Etat malien n\u2019est pas n\u00e9gociable.\u00a0 En tout cas, on ose esp\u00e9rer qu\u2019au-del\u00e0 de la photo de famille, les protagonistes de la crise malienne, au soir du 22 d\u00e9cembre prochain, s\u2019accorderont sur un minimum \u00e0 m\u00eame de sortir\u00a0 le pays de la situation actuelle dans laquelle il se trouve,\u00a0 pour se remettre sur les rails du d\u00e9veloppement. C\u2019est tout le mal que l\u2019on leur souhaite.<\/p>\n<p><strong>\u00a0<\/strong><\/p>\n<p><strong>Boundi OUOBA<\/strong><\/p>\n<p>Auteur: Le Pays<br \/>\n<a href=\"http:\/\/lepays.bf\/pourparlers-de-paix-intermaliens-3\/\">Cliquez ici pour lire l&rsquo;article depuis sa source.<\/a><\/p>\n","protected":false},"excerpt":{"rendered":"<p>\u00ab\u00a0Quel est le mal du Mali\u00a0?\u00a0\u00bb \u00ab\u00a0D\u2019o\u00f9 vient-il\u00a0?\u00a0\u00bb\u00a0\u00ab\u00a0Et comment le soigner\u00a0?\u00a0\u00bb. Telles sont les questions auxquelles le pr\u00e9sident malien, Ibrahim Boubacar K\u00e9ita\u00a0 (IBK), invite ses compatriotes \u00e0 trouver des r\u00e9ponses dans le cadre du Dialogue national inclusif (DNI) qui s\u2019est ouvert le 14 d\u00e9cembre dernier et qui, en principe, doit se poursuivre jusqu\u2019au 22 d\u00e9cembre [&hellip;]<\/p>\n","protected":false},"author":1813,"featured_media":0,"comment_status":"closed","ping_status":"closed","sticky":false,"template":"","format":"standard","meta":{"fifu_image_url":"","fifu_image_alt":"","footnotes":""},"categories":[73,81],"tags":[],"class_list":["post-70555","post","type-post","status-publish","format-standard","hentry","category-actualite","category-burkina-faso"],"_links":{"self":[{"href":"https:\/\/linitiative.ca\/International\/wp-json\/wp\/v2\/posts\/70555","targetHints":{"allow":["GET"]}}],"collection":[{"href":"https:\/\/linitiative.ca\/International\/wp-json\/wp\/v2\/posts"}],"about":[{"href":"https:\/\/linitiative.ca\/International\/wp-json\/wp\/v2\/types\/post"}],"author":[{"embeddable":true,"href":"https:\/\/linitiative.ca\/International\/wp-json\/wp\/v2\/users\/1813"}],"replies":[{"embeddable":true,"href":"https:\/\/linitiative.ca\/International\/wp-json\/wp\/v2\/comments?post=70555"}],"version-history":[{"count":0,"href":"https:\/\/linitiative.ca\/International\/wp-json\/wp\/v2\/posts\/70555\/revisions"}],"wp:attachment":[{"href":"https:\/\/linitiative.ca\/International\/wp-json\/wp\/v2\/media?parent=70555"}],"wp:term":[{"taxonomy":"category","embeddable":true,"href":"https:\/\/linitiative.ca\/International\/wp-json\/wp\/v2\/categories?post=70555"},{"taxonomy":"post_tag","embeddable":true,"href":"https:\/\/linitiative.ca\/International\/wp-json\/wp\/v2\/tags?post=70555"}],"curies":[{"name":"wp","href":"https:\/\/api.w.org\/{rel}","templated":true}]}}