{"id":70556,"date":"2019-12-17T16:50:03","date_gmt":"2019-12-17T21:50:03","guid":{"rendered":"https:\/\/linitiative.ca\/International\/blouses-blanches-et-pom-pom-girls-en-etudes-de-medecine-lhopital-dans-la-rue\/"},"modified":"2019-12-17T16:50:03","modified_gmt":"2019-12-17T21:50:03","slug":"blouses-blanches-et-pom-pom-girls-en-etudes-de-medecine-lhopital-dans-la-rue","status":"publish","type":"post","link":"https:\/\/linitiative.ca\/International\/blouses-blanches-et-pom-pom-girls-en-etudes-de-medecine-lhopital-dans-la-rue\/","title":{"rendered":"Blouses blanches et \u00ab\u00a0pom pom girls\u00a0\u00bb en \u00e9tudes de m\u00e9decine: l\u2019h\u00f4pital dans la rue"},"content":{"rendered":"<p>\u00ab\u00a0On a beau travailler non stop, sans manger, sans boire, \u00e7a ne sert \u00e0 rien\u00a0\u00bb: Margot, urgentiste du Samu de Garches, fait partie du millier de blouses blanches et bleues, internes, infirmi\u00e8res, aides soignants ou \u00e9tudiants en m\u00e9decine qui manifestent mardi \u00e0 Paris pour \u00ab\u00a0sauver l\u2019h\u00f4pital\u00a0\u00bb.<\/p>\n<p>Le cort\u00e8ge, orchestre des \u00ab\u00a0blouses brothers\u00a0\u00bb en t\u00eate, a reli\u00e9 l\u2019h\u00f4pital Lariboisi\u00e8re, pr\u00e8s de la gare du Nord, \u00e0 la place de la R\u00e9publique, o\u00f9 s\u2019est \u00e9lanc\u00e9e la manifestation contre la r\u00e9forme des retraites.<\/p>\n<p>\u00ab\u00a0On a voulu d\u00e9filer s\u00e9par\u00e9ment pour rester visibles\u00a0\u00bb, explique St\u00e9phanie Fry, pneumologue au CHU de Lille. En 13 ans d\u2019exercice, elle a vu l&rsquo;\u00a0\u00bbambiance changer: on nous demande d\u2019\u00eatre rentables, de prendre des parts de march\u00e9 \u00e0 l\u2019h\u00f4pital priv\u00e9\u00a0\u00bb, t\u00e9moigne-t-elle. \u00ab\u00a0Mais nous, on vend rien, on soigne. Il faut changer tout le syst\u00e8me de financement de l\u2019h\u00f4pital\u00a0\u00bb.<\/p>\n<p>Luc, m\u00e9decin en soins palliatifs, d\u00e9nonce la culture du chiffre: \u00ab\u00a0on nous demande le taux d\u2019occupation, la dur\u00e9e et le nombre de s\u00e9jours, il faut toujours plus de s\u00e9jours, on croule sous les injonctions contradictoires, il faut soigner bien, mais sans que \u00e7a co\u00fbte\u00a0\u00bb.<\/p>\n<p>Trois internes en blouses bleues de bloc op\u00e9ratoire \u00e9changent avec une m\u00e9decin de la Piti\u00e9-Salp\u00eatri\u00e8re qui les supplie de \u00ab\u00a0ne pas laisser tomber l\u2019h\u00f4pital pour le priv\u00e9\u00a0\u00bb.<\/p>\n<p>Omar, interne en anesth\u00e9sie, raconte avoir trouv\u00e9 la veille \u00ab\u00a0un patient en \u00e9tat de choc sur un brancard dans un couloir\u00a0\u00bb. \u00ab\u00a0L\u2019infirmi\u00e8re n\u2019avait pas pu s\u2019en occuper, on l\u2019a brancard\u00e9 avec un confr\u00e8re m\u00e9decin vers la r\u00e9animation\u00a0\u00bb.<\/p>\n<p>Faute de secr\u00e9taire, internes et m\u00e9decins \u00ab\u00a0font de plus en plus de t\u00e2ches administratives\u00a0\u00bb, explique Aude, anesth\u00e9siste \u00e0 la Piti\u00e9. \u00ab\u00a0C\u2019est du temps qu\u2019on n\u2019a plus pour parler aux familles\u00a0\u00bb.<\/p>\n<p>Elle a vu l\u2019unit\u00e9 de soins de r\u00e9habilitation fermer dans l\u2019h\u00f4pital faute de personnel. \u00ab\u00a0On est oblig\u00e9 d\u2019envoyer des patients \u00e0 70 km de l\u00e0 en Seine-et-Marne, o\u00f9 leurs familles ne peuvent pas aller les voir\u00a0\u00bb.<\/p>\n<p>Nathalie, p\u00e9dopsychiatre \u00e0 l\u2019h\u00f4pital Avicenne \u00e0 Bobigny, a vu \u00ab\u00a0des patients qui restent bloqu\u00e9s aux urgences pendant parfois 24 heures, alors qu\u2019ils devraient \u00eatre r\u00e9orient\u00e9s vers un h\u00f4pital psychiatrique. Ca entra\u00eene des fugues, parfois de la maltraitance, parce qu\u2019ils sont livr\u00e9s \u00e0 eux-m\u00eames\u00a0\u00bb.<\/p>\n<p>\u2013 H\u00f4pital en \u00ab\u00a0sous-France\u00a0\u00bb \u2013<\/p>\n<p>Les pancartes artisanales disent le malaise d\u2019un h\u00f4pital \u00ab\u00a0en sous-France\u00a0\u00bb: \u00ab\u00a0Soignants en col\u00e8re, l\u2019h\u00f4pital c\u2019est la gal\u00e8re\u00a0\u00bb, ou encore \u00ab\u00a0#soignants low cost, c\u2019est non\u00a0\u00bb.<\/p>\n<p>Tous les m\u00e9tiers sont de la partie: pour Amaury, interne \u00e0 Trousseau, \u00ab\u00a0on est en tension \u00e0 tous les \u00e9chelons, les seniors comme les internes font les bouche-trous, on voit des m\u00e9decins \u00e0 la photocopieuse\u00a0\u00bb.<\/p>\n<p>Beaucoup de jeunes \u00e9gayent le cort\u00e8ge comme ces \u00ab\u00a0pom pom girls\u00a0\u00bb en \u00e9tude de m\u00e9decine \u00e0 Paris 13 Bobigny qui agitent leurs pompons paillet\u00e9s.<\/p>\n<p>\u00ab\u00a0Les jeunes, on les \u00e9puise en quelques ann\u00e9es, le risque c\u2019est de les d\u00e9go\u00fbter du m\u00e9tier\u00a0\u00bb, rel\u00e8ve Aude.<\/p>\n<p>Les manifestants d\u00e9filent \u00e0 l\u2019appel des collectifs Inter-H\u00f4pitaux et Inter-Urgences, d\u2019organisations de praticiens, d\u2019internes (Isni) et des syndicats CGT, FO, CFDT, CFTC, CFE-CGC, SUD, Unsa.<\/p>\n<p>Doublement du budget allou\u00e9 \u00e0 la sant\u00e9, revalorisation salariale g\u00e9n\u00e9rale, recrutements imm\u00e9diats et ouvertures de lits suppl\u00e9mentaires\u2026 Les revendications n\u2019ont pas chang\u00e9 depuis le d\u00e9but d\u2019un mouvement in\u00e9dit dans les services d\u2019urgences mi-mars, qui s\u2019est \u00e9tendu depuis \u00e0 l\u2019ensemble de l\u2019h\u00f4pital.<\/p>\n<p>Mardi, la r\u00e9forme des retraites s\u2019ajoute aux griefs des hospitaliers: \u00ab\u00a0Rallonger le temps de travail, ce n\u2019est pas possible, \u00e0 55 ans, les aide-soignants ont d\u00e9j\u00e0 mal au dos, ils manipulent des patients de 80 kg sans l\u00e8ve-malades\u2026 ils sont bousill\u00e9s\u00a0\u00bb, raconte Adeline, 39 ans, infirmi\u00e8re dans un h\u00f4pital de l\u2019AP-HP.<\/p>\n<p>\u00ab\u00a0On est inqui\u00e8tes\u00a0\u00bb du calcul de la retraite sur toute la carri\u00e8re au lieu des six derniers mois, dit-elle, rappelant que \u00ab\u00a0quand on est infirmi\u00e8re on d\u00e9marre tr\u00e8s bas, autour de 1.500 euros. En prenant la carri\u00e8re dans l\u2019ensemble, c\u2019est s\u00fbr et certain que \u00e7a va faire baisser notre retraite\u00a0\u00bb.<\/p>\n<p>Auteur: AFP<br \/>\n<a href=\"https:\/\/www.journalducameroun.com\/blouses-blanches-et-pom-pom-girls-en-etudes-de-medecine-lhopital-dans-la-rue\/\">Cliquez ici pour lire l&rsquo;article depuis sa source.<\/a><\/p>\n","protected":false},"excerpt":{"rendered":"<p>\u00ab\u00a0On a beau travailler non stop, sans manger, sans boire, \u00e7a ne sert \u00e0 rien\u00a0\u00bb: Margot, urgentiste du Samu de Garches, fait partie du millier de blouses blanches et bleues, internes, infirmi\u00e8res, aides soignants ou \u00e9tudiants en m\u00e9decine qui manifestent mardi \u00e0 Paris pour \u00ab\u00a0sauver l\u2019h\u00f4pital\u00a0\u00bb. Le cort\u00e8ge, orchestre des \u00ab\u00a0blouses brothers\u00a0\u00bb en t\u00eate, a [&hellip;]<\/p>\n","protected":false},"author":1965,"featured_media":0,"comment_status":"closed","ping_status":"closed","sticky":false,"template":"","format":"standard","meta":{"fifu_image_url":"","fifu_image_alt":"","footnotes":""},"categories":[73,82],"tags":[],"class_list":["post-70556","post","type-post","status-publish","format-standard","hentry","category-actualite","category-cameroun"],"_links":{"self":[{"href":"https:\/\/linitiative.ca\/International\/wp-json\/wp\/v2\/posts\/70556","targetHints":{"allow":["GET"]}}],"collection":[{"href":"https:\/\/linitiative.ca\/International\/wp-json\/wp\/v2\/posts"}],"about":[{"href":"https:\/\/linitiative.ca\/International\/wp-json\/wp\/v2\/types\/post"}],"author":[{"embeddable":true,"href":"https:\/\/linitiative.ca\/International\/wp-json\/wp\/v2\/users\/1965"}],"replies":[{"embeddable":true,"href":"https:\/\/linitiative.ca\/International\/wp-json\/wp\/v2\/comments?post=70556"}],"version-history":[{"count":0,"href":"https:\/\/linitiative.ca\/International\/wp-json\/wp\/v2\/posts\/70556\/revisions"}],"wp:attachment":[{"href":"https:\/\/linitiative.ca\/International\/wp-json\/wp\/v2\/media?parent=70556"}],"wp:term":[{"taxonomy":"category","embeddable":true,"href":"https:\/\/linitiative.ca\/International\/wp-json\/wp\/v2\/categories?post=70556"},{"taxonomy":"post_tag","embeddable":true,"href":"https:\/\/linitiative.ca\/International\/wp-json\/wp\/v2\/tags?post=70556"}],"curies":[{"name":"wp","href":"https:\/\/api.w.org\/{rel}","templated":true}]}}