{"id":70557,"date":"2019-12-17T16:50:07","date_gmt":"2019-12-17T21:50:07","guid":{"rendered":"https:\/\/linitiative.ca\/International\/on-est-tous-perdants-paroles-de-manifestants-contre-la-reforme-des-retraites\/"},"modified":"2019-12-17T16:50:07","modified_gmt":"2019-12-17T21:50:07","slug":"on-est-tous-perdants-paroles-de-manifestants-contre-la-reforme-des-retraites","status":"publish","type":"post","link":"https:\/\/linitiative.ca\/International\/on-est-tous-perdants-paroles-de-manifestants-contre-la-reforme-des-retraites\/","title":{"rendered":"\u00ab\u00a0On est tous perdants\u00a0\u00bb: paroles de manifestants contre la r\u00e9forme des retraites"},"content":{"rendered":"<p>Employ\u00e9e d\u2019une entreprise agroalimentaire, machiniste \u00e0 la RATP, enseignant, com\u00e9dien\u2026 A Paris et en r\u00e9gions, ils ont d\u00e9fil\u00e9 mardi contre la r\u00e9forme des retraites, exprimant leur crainte de \u00ab\u00a0perdre de l\u2019argent\u00a0\u00bb demain ou de devoir travailler plus longtemps.<\/p>\n<p>\u00ab\u00a0Je vais devoir tirer 8 mois de plus\u00a0\u00bb<\/p>\n<p>Monique Betat, 58 ans, militante CFDT originaire des Landes, portant dans le cort\u00e8ge parisien une pancarte \u00ab\u00a0T\u2019es des sixties? Mauvaise surprise!\u00a0\u00bb:<\/p>\n<p>\u00ab\u00a0Je suis au r\u00e9gime de la MSA (Mutualit\u00e9 sociale agricole) car je travaille dans une entreprise agroalimentaire. Normalement je pouvais partir \u00e0 62 ans, mais l\u00e0 je vais devoir tirer 8 mois de plus! Vous allez me dire +8 mois, qu\u2019est-ce que c\u2019est dans une vie? Pas grand-chose+. Mais c\u2019est compl\u00e8tement injuste, et je me bats aussi pour tous les camarades.\u00a0\u00bb<\/p>\n<p>\u00ab\u00a0On est tous perdants\u00a0\u00bb<\/p>\n<p>Emmanuel Dehu, 52 ans, infirmier \u00e0 l\u2019h\u00f4pital de la Piti\u00e9-Salp\u00eatri\u00e8re \u00e0 Paris:<\/p>\n<p>\u00ab\u00a0Le gros probl\u00e8me (\u2026) c\u2019est la retraite \u00e0 points, sachant qu\u2019en \u00e9tant infirmier on commence environ \u00e0 1.600 euros pour finir \u00e0 2.700. Ca risque de faire autour de 250-300 euros en moins par mois, en travaillant encore plus\u2026 M\u00eame si je suis n\u00e9 avant 1975, on est tous perdants. J\u2019ai des enfants qui vont rentrer dans le monde du travail tr\u00e8s tard, et dans une pr\u00e9carit\u00e9 qui dure assez longtemps.\u00a0\u00bb<\/p>\n<p>\u00ab\u00a0C\u2019est le flou\u00a0\u00bb<\/p>\n<p>Guillaume, 31 ans, professeur d\u2019anglais dans un lyc\u00e9e de Marseille, adh\u00e9rent Unsa:<\/p>\n<p>\u00ab\u00a0Je n\u2019ai pas l\u2019habitude de manifester, c\u2019est contre ma nature, mais quand un syndicat comme l\u2019Unsa, r\u00e9formiste, appelle \u00e0 la gr\u00e8ve je me dis que l\u2019heure est grave.<\/p>\n<p>Ils ne nous disent pas ce que cette r\u00e9forme implique, c\u2019est le flou (\u2026). Le gouvernement nous dit qu\u2019il veut envoyer un signal pour plus d\u2019\u00e9galit\u00e9 mais c\u2019est quoi un signal? On est dans la com\u2019 une fois de plus.<\/p>\n<p>J\u2019ai v\u00e9cu dans un pays anglo-saxon o\u00f9 les conditions de travail sont moins bonnes, o\u00f9 la retraite est par capitalisation. Je ne d\u00e9fends pas ce mod\u00e8le, mais l\u00e0-bas les choses sont claires au moins.<\/p>\n<p>\u00catre transparent c\u2019est dire +voil\u00e0 notre r\u00e9forme+, montrer, dire les points n\u00e9gatifs de ce changement sans essayer de cacher les choses.\u00a0\u00bb<\/p>\n<p>\u00ab\u00a0On va perdre de l\u2019argent\u00a0\u00bb<\/p>\n<p>Bruno Fady, 59 ans, directeur de recherche \u00e0 l\u2019Institut national de la recherche agronomique (Inra) \u00e0 Avignon, drapeau CGT \u00e0 la main dans la manifestation marseillaise:<\/p>\n<p>\u00ab\u00a0On nous dit que ce sera un syst\u00e8me plus juste mais c\u2019est faux. Augmentons les salaires des plus pauvres pour augmenter leurs futures retraites.<\/p>\n<p>Les calculateurs de tous les syndicats disent la m\u00eame chose: on va perdre de l\u2019argent. Le futur syst\u00e8me ne prend pas plus en compte les \u00e0-coups de carri\u00e8re et les d\u00e9buts de carri\u00e8re avec des salaires tr\u00e8s bas.<\/p>\n<p>J\u2019ai commenc\u00e9 \u00e0 travailler \u00e0 l\u2019Inra \u00e0 32 ans, avant j\u2019ai fait des petits boulots et d\u00fb passer ma th\u00e8se. J\u2019ai calcul\u00e9 qu\u2019aujourd\u2019hui, je pourrais partir \u00e0 63-64 ans, avec la r\u00e9forme ce serait 67 ans.\u00a0\u00bb<\/p>\n<p>\u00ab\u00a0Prendre en compte l\u2019esp\u00e9rance de vie\u00a0\u00bb<\/p>\n<p>Nicolas Joseph, 38 ans, \u00e9goutier \u00e0 Paris, \u00e9lu CGT:<\/p>\n<p>\u00ab\u00a0Nous avons actuellement un r\u00e9gime qui nous donne une bonification de 10 ans. Et l\u00e0, avec la r\u00e9forme, on aura l\u2019\u00e2ge pivot avec une bonification de 2 ans seulement, donc (d\u00e9part \u00e0) 62 ans!<\/p>\n<p>Actuellement, on doit cotiser 32 ans au lieu de 42, donc par exemple quelqu\u2019un qui rentre \u00e0 20 ans peut partir \u00e0 52 ans.<\/p>\n<p>Mais ce qu\u2019il faut prendre en compte \u2013 c\u2019est un chiffre s\u00e9rieux, qui vient d\u2019une \u00e9tude de mortalit\u00e9 et de morbidit\u00e9 de l\u2019Inserm -, c\u2019est que quelqu\u2019un qui travaille dans les r\u00e9seaux d\u2019assainissement a 17 ans d\u2019esp\u00e9rance de vie en moins que quelqu\u2019un qui travaille dans un bureau, par exemple.\u00a0\u00bb<\/p>\n<p>\u00ab\u00a0On a des carri\u00e8res tr\u00e8s hach\u00e9es\u00a0\u00bb<\/p>\n<p>Jean-Maximilien Sobocinski, com\u00e9dien, adh\u00e9rent CGT, manifestant \u00e0 Lille:<\/p>\n<p>\u00ab\u00a0On est pr\u00e9caris\u00e9s de plus en plus, la retraite pour les jeunes com\u00e9diens \u00e7a va \u00eatre terrible parce qu\u2019on a des professions, des carri\u00e8res tr\u00e8s, tr\u00e8s hach\u00e9es. \u00catre danseur \u00e0 45 ans, \u00eatre actrice \u00e0 50 ans c\u2019est compliqu\u00e9, elles ont des carri\u00e8res tr\u00e8s difficiles et au calcul de la retraite, \u00e7a va \u00eatre terrible. Certaines com\u00e9diennes \u00e0 la retraite touchent d\u00e9j\u00e0 seulement 500 ou 600 euros.\u00a0\u00bb<\/p>\n<p>\u00ab\u00a0Pouvoir dire \u00e0 mes enfants que je me suis battu pour eux\u00a0\u00bb<\/p>\n<p>Laurent Stefanon, 49 ans, machiniste \u00e0 la RATP:<\/p>\n<p>\u00ab\u00a0J\u2019attends que le pr\u00e9sident prenne la parole pour dire +peuple fran\u00e7ais, je me suis tromp\u00e9, j\u2019ai fait une erreur, je retire cette r\u00e9forme et on va d\u00e9sormais partager les richesses+. Mais j\u2019ai peur que le gouvernement n\u2019entende pas.<\/p>\n<p>Je pense \u00e0 ma m\u00e8re, \u00e0 mon grand-p\u00e8re qui se sont battus pour qu\u2019on ait de bonnes conditions de travail. Je veux pouvoir dire \u00e0 mes enfants que je me suis battu pour eux. Je fais la gr\u00e8ve depuis le d\u00e9but et \u00e7a devient dur financi\u00e8rement, mais je tiendrai.\u00a0\u00bb<\/p>\n<p>Auteur: AFP<br \/>\n<a href=\"https:\/\/www.journalducameroun.com\/on-est-tous-perdants-paroles-de-manifestants-contre-la-reforme-des-retraites\/\">Cliquez ici pour lire l&rsquo;article depuis sa source.<\/a><\/p>\n","protected":false},"excerpt":{"rendered":"<p>Employ\u00e9e d\u2019une entreprise agroalimentaire, machiniste \u00e0 la RATP, enseignant, com\u00e9dien\u2026 A Paris et en r\u00e9gions, ils ont d\u00e9fil\u00e9 mardi contre la r\u00e9forme des retraites, exprimant leur crainte de \u00ab\u00a0perdre de l\u2019argent\u00a0\u00bb demain ou de devoir travailler plus longtemps. \u00ab\u00a0Je vais devoir tirer 8 mois de plus\u00a0\u00bb Monique Betat, 58 ans, militante CFDT originaire des Landes, [&hellip;]<\/p>\n","protected":false},"author":1965,"featured_media":0,"comment_status":"closed","ping_status":"closed","sticky":false,"template":"","format":"standard","meta":{"fifu_image_url":"","fifu_image_alt":"","footnotes":""},"categories":[73,82],"tags":[],"class_list":["post-70557","post","type-post","status-publish","format-standard","hentry","category-actualite","category-cameroun"],"_links":{"self":[{"href":"https:\/\/linitiative.ca\/International\/wp-json\/wp\/v2\/posts\/70557","targetHints":{"allow":["GET"]}}],"collection":[{"href":"https:\/\/linitiative.ca\/International\/wp-json\/wp\/v2\/posts"}],"about":[{"href":"https:\/\/linitiative.ca\/International\/wp-json\/wp\/v2\/types\/post"}],"author":[{"embeddable":true,"href":"https:\/\/linitiative.ca\/International\/wp-json\/wp\/v2\/users\/1965"}],"replies":[{"embeddable":true,"href":"https:\/\/linitiative.ca\/International\/wp-json\/wp\/v2\/comments?post=70557"}],"version-history":[{"count":0,"href":"https:\/\/linitiative.ca\/International\/wp-json\/wp\/v2\/posts\/70557\/revisions"}],"wp:attachment":[{"href":"https:\/\/linitiative.ca\/International\/wp-json\/wp\/v2\/media?parent=70557"}],"wp:term":[{"taxonomy":"category","embeddable":true,"href":"https:\/\/linitiative.ca\/International\/wp-json\/wp\/v2\/categories?post=70557"},{"taxonomy":"post_tag","embeddable":true,"href":"https:\/\/linitiative.ca\/International\/wp-json\/wp\/v2\/tags?post=70557"}],"curies":[{"name":"wp","href":"https:\/\/api.w.org\/{rel}","templated":true}]}}