{"id":70558,"date":"2019-12-17T16:50:10","date_gmt":"2019-12-17T21:50:10","guid":{"rendered":"https:\/\/linitiative.ca\/International\/conversation-macron-tebboune-le-president-elu-dalgerie-conspue-par-la-rue\/"},"modified":"2019-12-17T16:50:10","modified_gmt":"2019-12-17T21:50:10","slug":"conversation-macron-tebboune-le-president-elu-dalgerie-conspue-par-la-rue","status":"publish","type":"post","link":"https:\/\/linitiative.ca\/International\/conversation-macron-tebboune-le-president-elu-dalgerie-conspue-par-la-rue\/","title":{"rendered":"Conversation Macron-Tebboune, le pr\u00e9sident \u00e9lu d\u2019Alg\u00e9rie conspu\u00e9 par la rue"},"content":{"rendered":"<div readability=\"32\">\n<p>Publi\u00e9 le 17.12.2019 \u00e0 22h50 par AFP<\/p>\n<\/div>\n<div readability=\"135\">\n<p>Le pr\u00e9sident fran\u00e7ais Emmanuel Macron a appel\u00e9 mardi Abdelmadjid Tebboune, chef d\u2019Etat fra\u00eechement \u00e9lu en Alg\u00e9rie mais d\u00e9j\u00e0 rejet\u00e9 par un puissant mouvement de contestation en cours depuis 10 mois, ont indiqu\u00e9 les deux pr\u00e9sidences, divergeant sur les termes de la conversation.<\/p>\n<p>Elu selon les r\u00e9sultats officiels au 1er tour avec 58,13% des voix lors d\u2019un scrutin largement boud\u00e9 par les \u00e9lecteurs et rejet\u00e9 par la rue, M. Tebboune, 74 ans, a \u00e9t\u00e9 conspu\u00e9 mardi \u00e0 Alger, \u00e0 48 heures de sa prestation de serment jeudi et de son entr\u00e9e en fonction, par une importante manifestation des \u00e9tudiants du \u00ab\u00a0Hirak\u00a0\u00bb, le mouvement de contestation populaire n\u00e9 le 22 f\u00e9vrier.<\/p>\n<p>Dans un communiqu\u00e9 cit\u00e9 par l\u2019agence de presse officielle alg\u00e9rienne APS, la pr\u00e9sidence alg\u00e9rienne a indiqu\u00e9 que M. Macron avait adress\u00e9 ses \u00ab\u00a0chaleureuses f\u00e9licitations\u00a0\u00bb \u00e0 M. Tebboune pour \u00ab\u00a0la confiance que lui a accord\u00e9e le peuple alg\u00e9rien lors de l\u2019\u00e9ch\u00e9ance \u00e9lectorale du 12 d\u00e9cembre\u00a0\u00bb.<\/p>\n<p>La pr\u00e9sidence fran\u00e7aise de son c\u00f4t\u00e9 ne fait \u00e9tat que de \u00ab\u00a0voeux sinc\u00e8res de succ\u00e8s\u00a0\u00bb adress\u00e9s \u00e0 M. Tebboune lors de cette conversation t\u00e9l\u00e9phonique.<\/p>\n<p>\u00ab\u00a0La France se tient aux c\u00f4t\u00e9s de l\u2019Alg\u00e9rie dans ce moment important de son histoire\u00a0\u00bb et \u00ab\u00a0les deux chefs d\u2019Etat sont convenus de travailler ensemble au d\u00e9veloppement des relations d\u2019amiti\u00e9, de respect et de confiance entre la France et l\u2019Alg\u00e9rie et \u00e0 la coop\u00e9ration sur les crises r\u00e9gionales\u00a0\u00bb, a ajout\u00e9 l\u2019Elys\u00e9e.<\/p>\n<p>Dans une premi\u00e8re r\u00e9action \u00e0 l\u2019annonce vendredi des r\u00e9sultats pr\u00e9liminaires par l\u2019Autorit\u00e9 \u00e9lectorale, M. Macron avait simplement \u00ab\u00a0pris note\u00a0\u00bb de \u00ab\u00a0l\u2019annonce officielle\u00a0\u00bb de la victoire de M. Tebboune.<\/p>\n<p>Interrog\u00e9 au sujet de cette r\u00e9action pour le moins ti\u00e8de, M. Tebboune avait indiqu\u00e9: \u00ab\u00a0Je ne lui r\u00e9pondrai pas (\u2026) moi j\u2019ai \u00e9t\u00e9 \u00e9lu par le peuple alg\u00e9rien et je ne reconnais que le peuple alg\u00e9rien\u00a0\u00bb.<\/p>\n<p>Face \u00e0 la crise politique in\u00e9dite en Alg\u00e9rie, la France, li\u00e9e par une relation \u00e9troite et tumultueuse avec son ancienne colonie, est rest\u00e9e jusqu\u2019ici tr\u00e8s prudente.<\/p>\n<p>M. Tebboune est un ex-fid\u00e8le du pr\u00e9sident d\u00e9chu Abdelaziz Bouteflika, contraint en avril par le Hirak \u00e0 la d\u00e9mission apr\u00e8s 20 ans \u00e0 la t\u00eate de l\u2019Etat. Il fut son ministre et, durant trois mois en 2017, son Premier ministre.<\/p>\n<p>Le Hirak est n\u00e9 en r\u00e9action \u00e0 la volont\u00e9 du pr\u00e9sident Bouteflika \u2013 appuy\u00e9e par l\u2019ensemble de son camp \u2013 de briguer un 5e mandat pr\u00e9sidentiel malgr\u00e9 les graves s\u00e9quelles d\u2019un AVC qui l\u2019a laiss\u00e9 largement paralys\u00e9 et aphasique.<\/p>\n<p>\u2013 \u00ab\u00a0La marche va se poursuivre\u00a0\u00bb \u2013<\/p>\n<p>La contestation r\u00e9clame, apr\u00e8s la d\u00e9mission de M. Bouteflika, le d\u00e9mant\u00e8lement de l\u2019ensemble du \u00ab\u00a0syst\u00e8me\u00a0\u00bb au pouvoir depuis l\u2019ind\u00e9pendance du pays en 1962 et son remplacement par des institutions de transition. Elle refusait qu\u2019il organise le moindre scrutin, vu comme un moyen pour lui de se r\u00e9g\u00e9n\u00e9rer.<\/p>\n<p>Aux cris de \u00ab\u00a0les \u00e9lections sont truqu\u00e9es, il n\u2019y a pas de l\u00e9gitimit\u00e9, la marche va se poursuivre\u00a0\u00bb, des manifestants ont d\u00e9fil\u00e9 par milliers mardi dans le centre d\u2019Alger, affimant \u00ab\u00a0Tebboune, nous allons t\u2019\u00e9carter d\u2019El Mouradia\u00a0\u00bb, le Palais pr\u00e9sidentiel.<\/p>\n<p>De nombreuses pancartes affichaient leur rejet de son offre d\u2019un \u00ab\u00a0dialogue\u00a0\u00bb pour \u00ab\u00a0une Alg\u00e9rie nouvelle\u00a0\u00bb. M. Tebboune a notamment promis d&rsquo;\u00a0\u00bbamender la Constitution\u00a0\u00bb et de soumettre le nouveau texte \u00e0 r\u00e9f\u00e9rendum.<\/p>\n<p>\u00ab\u00a0La r\u00e9vision de la Constitution doit avoir lieu avec un pr\u00e9sident l\u00e9gitime\u00a0\u00bb, pouvait-on lire mardi sur une des pancartes dans la manifestation.<\/p>\n<p>Moins de 40% des \u00e9lecteurs (39,88%) se sont rendus aux urnes, la participation la plus faible de toutes les \u00e9lections pr\u00e9sidentielles pluralistes en Alg\u00e9rie, et le \u00ab\u00a0Hirak\u00a0\u00bb \u2013comme plusieurs analystes\u2013 assure en outre que le chiffre est gonfl\u00e9.<\/p>\n<p>Des associations ont \u00e9galement d\u00e9nonc\u00e9 mardi l\u2019usage par la police, la veille et le jour du scrutin, de balles en caoutchouc contre des manifestants pacifiques, indiquant avoir recens\u00e9 une dizaine de personnes bless\u00e9s \u00e0 l\u2019oeil, certaines gri\u00e8vement.<\/p>\n<\/div>\n<p>Auteur: AFP<br \/>\n<a href=\"https:\/\/www.journalducameroun.com\/conversation-macron-tebboune-le-president-elu-dalgerie-conspue-par-la-rue\/\">Cliquez ici pour lire l&rsquo;article depuis sa source.<\/a><\/p>\n","protected":false},"excerpt":{"rendered":"<p>Publi\u00e9 le 17.12.2019 \u00e0 22h50 par AFP Le pr\u00e9sident fran\u00e7ais Emmanuel Macron a appel\u00e9 mardi Abdelmadjid Tebboune, chef d\u2019Etat fra\u00eechement \u00e9lu en Alg\u00e9rie mais d\u00e9j\u00e0 rejet\u00e9 par un puissant mouvement de contestation en cours depuis 10 mois, ont indiqu\u00e9 les deux pr\u00e9sidences, divergeant sur les termes de la conversation. Elu selon les r\u00e9sultats officiels au [&hellip;]<\/p>\n","protected":false},"author":1965,"featured_media":0,"comment_status":"closed","ping_status":"closed","sticky":false,"template":"","format":"standard","meta":{"fifu_image_url":"","fifu_image_alt":"","footnotes":""},"categories":[73,82],"tags":[],"class_list":["post-70558","post","type-post","status-publish","format-standard","hentry","category-actualite","category-cameroun"],"_links":{"self":[{"href":"https:\/\/linitiative.ca\/International\/wp-json\/wp\/v2\/posts\/70558","targetHints":{"allow":["GET"]}}],"collection":[{"href":"https:\/\/linitiative.ca\/International\/wp-json\/wp\/v2\/posts"}],"about":[{"href":"https:\/\/linitiative.ca\/International\/wp-json\/wp\/v2\/types\/post"}],"author":[{"embeddable":true,"href":"https:\/\/linitiative.ca\/International\/wp-json\/wp\/v2\/users\/1965"}],"replies":[{"embeddable":true,"href":"https:\/\/linitiative.ca\/International\/wp-json\/wp\/v2\/comments?post=70558"}],"version-history":[{"count":0,"href":"https:\/\/linitiative.ca\/International\/wp-json\/wp\/v2\/posts\/70558\/revisions"}],"wp:attachment":[{"href":"https:\/\/linitiative.ca\/International\/wp-json\/wp\/v2\/media?parent=70558"}],"wp:term":[{"taxonomy":"category","embeddable":true,"href":"https:\/\/linitiative.ca\/International\/wp-json\/wp\/v2\/categories?post=70558"},{"taxonomy":"post_tag","embeddable":true,"href":"https:\/\/linitiative.ca\/International\/wp-json\/wp\/v2\/tags?post=70558"}],"curies":[{"name":"wp","href":"https:\/\/api.w.org\/{rel}","templated":true}]}}