{"id":70560,"date":"2019-12-17T17:18:06","date_gmt":"2019-12-17T22:18:06","guid":{"rendered":"https:\/\/linitiative.ca\/International\/lancement-officiel-a-abidjan-de-la-premiere-edition-des-brvm-awards\/"},"modified":"2019-12-17T17:18:06","modified_gmt":"2019-12-17T22:18:06","slug":"lancement-officiel-a-abidjan-de-la-premiere-edition-des-brvm-awards","status":"publish","type":"post","link":"https:\/\/linitiative.ca\/International\/lancement-officiel-a-abidjan-de-la-premiere-edition-des-brvm-awards\/","title":{"rendered":"Lancement officiel \u00e0 Abidjan de la premi\u00e8re \u00e9dition des BRVM Awards"},"content":{"rendered":"<div readability=\"32\">\n<p>Publi\u00e9 le 17.12.2019 \u00e0 23h18 par APA News<\/p>\n<\/div>\n<div readability=\"106\">\n<p>Les Awards de la Bourse r\u00e9gionale des valeurs mobili\u00e8res (BRVM) d\u00e9nomm\u00e9s \u00abBRVM Awards\u00bb destin\u00e9s \u00e0 r\u00e9compenser les acteurs du march\u00e9 financier les plus m\u00e9ritants, ont \u00e9t\u00e9 lanc\u00e9s mardi \u00e0 Abidjan, au cours d\u2019une c\u00e9r\u00e9monie pr\u00e9sid\u00e9e par le Directeur g\u00e9n\u00e9ral de cette institution boursi\u00e8re r\u00e9gionale, Dr Edoh Kossi Amenounv\u00e9, a constat\u00e9 APA sur place dans la capitale \u00e9conomique ivoirienne.Les Awards de la BRVM qui sont \u00e0 leur premi\u00e8re \u00e9dition s\u2019adressent notamment aux soci\u00e9t\u00e9s cot\u00e9es \u00e0 la BRVM, aux \u00e9metteurs d\u2019obligations (Etats, institutions financi\u00e8res, entreprises du secteur priv\u00e9, etc) et aux intervenants commerciaux (Soci\u00e9t\u00e9s de gestion et d\u2019interm\u00e9diation, soci\u00e9t\u00e9s de gestion des organismes de placement collectif en valeur mobili\u00e8res).<\/p>\n<p>\u00ab Le but est de mettre en exergue les plus m\u00e9ritants avec des crit\u00e8res objectifs\u00bb, a expliqu\u00e9 le patron de la BRVM, Dr Edoh Kossi Amenounv\u00e9, ajoutant que \u00ab les BRVM Awards sont la concr\u00e9tisation d\u2019une volont\u00e9 de mettre en avant des valeurs telles que l\u2019excellence et les bonnes pratiques sur le march\u00e9, valeurs tr\u00e8s importantes gage de cr\u00e9dibilit\u00e9 et de confiance \u00bb.<\/p>\n<p>\u00ab Les BRVM Awards entendent renforcer la cr\u00e9dibilit\u00e9 de l\u2019institution car ils incarneront l\u2019excellence dans le secteur boursier, le dynamisme de ses secteurs et l\u2019attractivit\u00e9 de la BRVM \u00bb, souligne la plaquette de pr\u00e9sentation de ces awards qui \u00ab se positionnement comme un catalyseur pour le march\u00e9 financier qui se veut une place financi\u00e8re attractive pour un financement durable des \u00e9conomies de l\u2019UEMOA \u00bb.<\/p>\n<p>Les BRVM Awards r\u00e9uniront en seul lieu, le temps d\u2019un d\u00eener-gala et d\u2019une c\u00e9r\u00e9monie de r\u00e9compense, tous les acteurs du march\u00e9 financier r\u00e9gional de l\u2019Union \u00e9conomique et mon\u00e9taire ouest-africaine (UEMOA).<\/p>\n<p>Ca sera un cadre d\u2019\u00e9change privil\u00e9gi\u00e9 pour partager des exp\u00e9riences, discuter des derni\u00e8res tendances du march\u00e9, trouver et tisser d\u2019\u00e9ventuels partenariats pour renforcer le dynamisme du march\u00e9 en f\u00e9d\u00e9rant l\u2019ensemble des acteurs du march\u00e9 financier.<\/p>\n<p>Ces awards visent \u00e9galement \u00e0 afficher le dynamisme boursier de la sous-r\u00e9gion, accro\u00eetre la visibilit\u00e9 du march\u00e9 financier, promouvoir l\u2019excellence et les bonnes pratiques professionnelles.<\/p>\n<p>Les laur\u00e9ats seront s\u00e9lectionn\u00e9s, selon des crit\u00e8res \u00e9tablis par un jury ind\u00e9pendant dans sept cat\u00e9gories.<\/p>\n<p>Il s\u2019agit du meilleur investisseur institutionnel, de la meilleure soci\u00e9t\u00e9 de gestion et d\u2019interm\u00e9diation, de la meilleure soci\u00e9t\u00e9 cot\u00e9e, du meilleur \u00e9metteur obligataire, de la meilleure soci\u00e9t\u00e9 de gestion d\u2019OCPVM (organismes de placement collectif en valeurs mobili\u00e8res) , de la meilleure PME et du Grand Prix du Jury.<\/p>\n<p>Organis\u00e9e sous forme d\u2019un d\u00eener-gala avec une animation artistique, la premi\u00e8re \u00e9dition des BRVM Awards aura lieu le 08 f\u00e9vrier 2020 \u00e0 Abidjan, la capitale \u00e9conomique ivoirienne.<\/p>\n<p>La Bourse r\u00e9gionale des valeurs mobili\u00e8res (BRVM) est commune \u00e0 l\u2019ensemble des huit pays de l\u2019UEMOA \u00e0 savoir: le B\u00e9nin, le Burkina Faso, la C\u00f4te d\u2019Ivoire, la Guin\u00e9e-Bissau, le Mali, le Niger, le S\u00e9n\u00e9gal et le Togo.<\/p>\n<\/div>\n<p>Auteur: APA News<br \/>\n<a href=\"https:\/\/www.journalducameroun.com\/lancement-officiel-a-abidjan-de-la-premiere-edition-des-brvm-awards\/\">Cliquez ici pour lire l&rsquo;article depuis sa source.<\/a><\/p>\n","protected":false},"excerpt":{"rendered":"<p>Publi\u00e9 le 17.12.2019 \u00e0 23h18 par APA News Les Awards de la Bourse r\u00e9gionale des valeurs mobili\u00e8res (BRVM) d\u00e9nomm\u00e9s \u00abBRVM Awards\u00bb destin\u00e9s \u00e0 r\u00e9compenser les acteurs du march\u00e9 financier les plus m\u00e9ritants, ont \u00e9t\u00e9 lanc\u00e9s mardi \u00e0 Abidjan, au cours d\u2019une c\u00e9r\u00e9monie pr\u00e9sid\u00e9e par le Directeur g\u00e9n\u00e9ral de cette institution boursi\u00e8re r\u00e9gionale, Dr Edoh Kossi [&hellip;]<\/p>\n","protected":false},"author":1965,"featured_media":0,"comment_status":"closed","ping_status":"closed","sticky":false,"template":"","format":"standard","meta":{"fifu_image_url":"","fifu_image_alt":"","footnotes":""},"categories":[73,82],"tags":[],"class_list":["post-70560","post","type-post","status-publish","format-standard","hentry","category-actualite","category-cameroun"],"_links":{"self":[{"href":"https:\/\/linitiative.ca\/International\/wp-json\/wp\/v2\/posts\/70560","targetHints":{"allow":["GET"]}}],"collection":[{"href":"https:\/\/linitiative.ca\/International\/wp-json\/wp\/v2\/posts"}],"about":[{"href":"https:\/\/linitiative.ca\/International\/wp-json\/wp\/v2\/types\/post"}],"author":[{"embeddable":true,"href":"https:\/\/linitiative.ca\/International\/wp-json\/wp\/v2\/users\/1965"}],"replies":[{"embeddable":true,"href":"https:\/\/linitiative.ca\/International\/wp-json\/wp\/v2\/comments?post=70560"}],"version-history":[{"count":0,"href":"https:\/\/linitiative.ca\/International\/wp-json\/wp\/v2\/posts\/70560\/revisions"}],"wp:attachment":[{"href":"https:\/\/linitiative.ca\/International\/wp-json\/wp\/v2\/media?parent=70560"}],"wp:term":[{"taxonomy":"category","embeddable":true,"href":"https:\/\/linitiative.ca\/International\/wp-json\/wp\/v2\/categories?post=70560"},{"taxonomy":"post_tag","embeddable":true,"href":"https:\/\/linitiative.ca\/International\/wp-json\/wp\/v2\/tags?post=70560"}],"curies":[{"name":"wp","href":"https:\/\/api.w.org\/{rel}","templated":true}]}}