{"id":70562,"date":"2019-12-17T06:37:23","date_gmt":"2019-12-17T11:37:23","guid":{"rendered":"https:\/\/linitiative.ca\/International\/lunion-europeenne-inquiete-de-la-lenteur-des-reformes\/"},"modified":"2019-12-17T06:37:23","modified_gmt":"2019-12-17T11:37:23","slug":"lunion-europeenne-inquiete-de-la-lenteur-des-reformes","status":"publish","type":"post","link":"https:\/\/linitiative.ca\/International\/lunion-europeenne-inquiete-de-la-lenteur-des-reformes\/","title":{"rendered":"L\u2019Union europ\u00e9enne inqui\u00e8te de la lenteur des r\u00e9formes"},"content":{"rendered":"<p>Le ministre des Finances, <strong>Louis Paul Motaze<\/strong> a pr\u00e9sid\u00e9, vendredi 13 d\u00e9cembre 2019 \u00e0 Yaound\u00e9, la 7<sup>e<\/sup> r\u00e9union de la plateforme de dialogue sur les r\u00e9formes de finances publiques. R\u00e9union au cours de laquelle l\u2019<strong>Union europ\u00e9enne<\/strong> s\u2019est montr\u00e9e inqui\u00e8te de la mise en \u0153uvre du <strong>Plan global des r\u00e9formes<\/strong>. Selon une note, <strong>Arnaud Demoor<\/strong>, chef de coop\u00e9ration de la d\u00e9l\u00e9gation de l\u2019Union europ\u00e9enne \u00e0 Yaound\u00e9, fait savoir que <em>\u00ab\u00a0le risque est \u00e9lev\u00e9 (\u2026) qu\u2019une part importante des activit\u00e9s pr\u00e9vues en 2019 soient report\u00e9es en 2020. Ce qui pourrait limiter la cr\u00e9dibilit\u00e9 et d\u00e9caler l\u2019impact attendu du plan global de r\u00e9formes\u00a0\u00bb.<\/em><\/p>\n<p>Plusieurs r\u00e9formes ont en effet accus\u00e9 du retard dans leur mise en \u0153uvre. <strong>Arnaud Demoor<\/strong> cite, entre autres, la cr\u00e9ation du Comit\u00e9 de cadrage macro\u00e9conomique et budg\u00e9taire et les retards dans l\u2019organisation et le d\u00e9veloppement des outils de pr\u00e9vision et de simulation \u00e9conomiques. Il y a \u00e9galement le respect, par les services des administrations financi\u00e8res, des nouvelles obligations en mati\u00e8re de production des donn\u00e9es n\u00e9cessaires \u00e0 la gestion des finances publiques.<\/p>\n<p>L\u2019Union europ\u00e9enne cite \u00e9galement les lenteurs en ce qui concerne la conduite et la publication des rapports d\u2019audits ind\u00e9pendants annuels du syst\u00e8me de passation des march\u00e9s publics tels que pr\u00e9vu dans le Code. Sans oublier l\u2019am\u00e9lioration de la gouvernance strat\u00e9gique et financi\u00e8re des entreprises publiques.\u00a0 <em>\u00ab\u00a0Nous nous permettons de souligner ces retards pour que des actions fortes soient prises\u00a0\u00bb<\/em>, a soulign\u00e9 <strong>Arnaud Demoor<\/strong> dans sa note.<\/p>\n<p>En r\u00e9ponse, le ministre des Finances a indiqu\u00e9 lors de la r\u00e9union que des actions ont cependant \u00e9t\u00e9 men\u00e9es dans le cadre des r\u00e9formes. <strong>Louis Paul Motaze<\/strong> estime par ailleurs que les chantiers engag\u00e9s dans le cadre du Plan global des r\u00e9formes ne pourraient v\u00e9ritablement d\u00e9coller que si d\u2019un c\u00f4t\u00e9 les structures de mise en \u0153uvre s\u2019en approprient fortement, et si de l\u2019autre c\u00f4t\u00e9 les moyens financiers et techniques sont disponibles.<\/p>\n<p><em>\u00ab\u00a0Pour prendre en compte ce dernier \u00e9l\u00e9ment, les dispositions ont \u00e9t\u00e9 prises dans le cadre de la pr\u00e9paration du budget 2020, afin de garantir l\u2019ex\u00e9cution sereine d\u2019une partie des activit\u00e9s. Cela devrait \u00eatre compl\u00e9t\u00e9 par les appuis des partenaires au travers des projets et autres programmes en soutien \u00e0 la r\u00e9forme des finances publiques qui existent ou qui sont en cours de mise en place\u00a0\u00bb<\/em>, a relev\u00e9 <strong>Louis Paul Motaze.<\/strong><\/p>\n<div class=\"sharedaddy sd-sharing-enabled robots-nocontent sd-block sd-social sd-social-icon-text sd-sharing\">\n<h3 class=\"sd-title\">Partager\u00a0:<\/h3>\n<\/div>\n<p><h3 class=\"jp-relatedposts-headline\"><em>Articles similaires<\/em><\/h3>\n<\/p>\n<p>Auteur: Francky<br \/>\n<a href=\"https:\/\/ecomatin.net\/lunion-europeenne-inquiete-de-la-lenteur-des-reformes\/\">Cliquez ici pour lire l&rsquo;article depuis sa source.<\/a><\/p>\n","protected":false},"excerpt":{"rendered":"<p>Le ministre des Finances, Louis Paul Motaze a pr\u00e9sid\u00e9, vendredi 13 d\u00e9cembre 2019 \u00e0 Yaound\u00e9, la 7e r\u00e9union de la plateforme de dialogue sur les r\u00e9formes de finances publiques. R\u00e9union au cours de laquelle l\u2019Union europ\u00e9enne s\u2019est montr\u00e9e inqui\u00e8te de la mise en \u0153uvre du Plan global des r\u00e9formes. Selon une note, Arnaud Demoor, chef [&hellip;]<\/p>\n","protected":false},"author":1969,"featured_media":0,"comment_status":"closed","ping_status":"closed","sticky":false,"template":"","format":"standard","meta":{"fifu_image_url":"","fifu_image_alt":"","footnotes":""},"categories":[82,78],"tags":[],"class_list":["post-70562","post","type-post","status-publish","format-standard","hentry","category-cameroun","category-economie"],"_links":{"self":[{"href":"https:\/\/linitiative.ca\/International\/wp-json\/wp\/v2\/posts\/70562","targetHints":{"allow":["GET"]}}],"collection":[{"href":"https:\/\/linitiative.ca\/International\/wp-json\/wp\/v2\/posts"}],"about":[{"href":"https:\/\/linitiative.ca\/International\/wp-json\/wp\/v2\/types\/post"}],"author":[{"embeddable":true,"href":"https:\/\/linitiative.ca\/International\/wp-json\/wp\/v2\/users\/1969"}],"replies":[{"embeddable":true,"href":"https:\/\/linitiative.ca\/International\/wp-json\/wp\/v2\/comments?post=70562"}],"version-history":[{"count":0,"href":"https:\/\/linitiative.ca\/International\/wp-json\/wp\/v2\/posts\/70562\/revisions"}],"wp:attachment":[{"href":"https:\/\/linitiative.ca\/International\/wp-json\/wp\/v2\/media?parent=70562"}],"wp:term":[{"taxonomy":"category","embeddable":true,"href":"https:\/\/linitiative.ca\/International\/wp-json\/wp\/v2\/categories?post=70562"},{"taxonomy":"post_tag","embeddable":true,"href":"https:\/\/linitiative.ca\/International\/wp-json\/wp\/v2\/tags?post=70562"}],"curies":[{"name":"wp","href":"https:\/\/api.w.org\/{rel}","templated":true}]}}