{"id":70564,"date":"2019-12-17T10:41:19","date_gmt":"2019-12-17T15:41:19","guid":{"rendered":"https:\/\/linitiative.ca\/International\/braquage-a-la-cathedrale-notre-dame-des-victoires-de-yaounde\/"},"modified":"2019-12-17T10:41:19","modified_gmt":"2019-12-17T15:41:19","slug":"braquage-a-la-cathedrale-notre-dame-des-victoires-de-yaounde","status":"publish","type":"post","link":"https:\/\/linitiative.ca\/International\/braquage-a-la-cathedrale-notre-dame-des-victoires-de-yaounde\/","title":{"rendered":"Braquage \u00e0 la Cath\u00e9drale Notre-Dame-des-victoires de Yaound\u00e9"},"content":{"rendered":"<div class=\"featured-area featured-area-inner\"><img loading=\"lazy\" decoding=\"async\" width=\"780\" height=\"405\" src=\"https:\/\/ecomatin.net\/wp-content\/uploads\/2019\/12\/891e24420fe316fdc03f8342b23e8d05_XL-780x405.jpg?is-pending-load=1\" class=\"attachment-jannah-image-post size-jannah-image-post wp-post-image jetpack-lazy-image\" alt=\"\" srcset=\"data:image\/gif;base64,R0lGODlhAQABAIAAAAAAAP\/\/\/yH5BAEAAAAALAAAAAABAAEAAAIBRAA7\"\/><\/div>\n<div class=\"entry-content entry clearfix\" readability=\"60.5267326733\">\n<p class=\"yiv8741307813MsoNormal\">Nicaise Biloa, \u00e9pouse <strong>Atangana<\/strong>, caissi\u00e8re de la Cath\u00e9drale Notre-Dame-des-victoires de Yaound\u00e9 a \u00e9t\u00e9 au centre d\u2019une sc\u00e8ne inhabituelle dans les locaux de ce lieu de culte. Elle a en effet \u00e9t\u00e9 victime d\u2019un braquage perp\u00e9tr\u00e9 par deux individus non encore identifi\u00e9s, au petit matin du mardi 17 d\u00e9cembre 2019. Selon le r\u00e9cit des faits, dame Atangana a \u00e9t\u00e9 tenue en respect dans son bureau alors que se c\u00e9l\u00e9brait la messe de 6 heures 30 min \u00e0 la Cath\u00e9drale.<\/p>\n<p class=\"yiv8741307813MsoNormal\">\u00c0 en croire l\u2019abb\u00e9\u00a0<strong>Appollinaire Bertrand Ndzoumou Mendo<\/strong>, directeur par int\u00e9rim de la Communication \u00e0 la Cath\u00e9drale Notre-Dame-des Victoires de Yaound\u00e9, \u00ab\u00a0lesdits individus ont feint d\u2019\u00eatre \u00e0 la recherche du change pour s\u2019en prendre \u00e0 elle, en la ligotant, saccageant son bureau et emportant ses effets personnels ainsi que le contenu de diff\u00e9rentes caisses dont le montant reste \u00e0 d\u00e9terminer\u00a0\u00bb.<\/p>\n<p class=\"yiv8741307813MsoNormal\">Aussit\u00f4t inform\u00e9s, les \u00e9l\u00e9ments des forces de d\u00e9fense et de s\u00e9curit\u00e9 sont descendus sur le th\u00e9\u00e2tre des faits et ont ouvert une enqu\u00eate. D\u00e9j\u00e0, des soup\u00e7ons p\u00e8sent sur l\u2019entourage qui ma\u00eetrise bien les rouages de la Cath\u00e9drale.<\/p>\n<p class=\"yiv8741307813MsoNormal\">L\u2019Archev\u00eaque de Yaound\u00e9 d\u00e9plore de tels comportements qui rel\u00e8vent d\u2019une autre \u00e9poque et appelle les auteurs de ces forfaits \u00e0 la conversion en ce temps de l\u2019Avent.<\/p>\n<p class=\"yiv8741307813MsoNormal\">En attendant les r\u00e9sultats de l\u2019enqu\u00eate, tout est revenu dans l\u2019ordre, et les activit\u00e9s se poursuivent.\u00a0<strong>\u00a0<\/strong><\/p>\n<div class=\"sharedaddy sd-sharing-enabled robots-nocontent sd-block sd-social sd-social-icon-text sd-sharing\">\n<h3 class=\"sd-title\">Partager\u00a0:<\/h3>\n<\/div>\n<p><h3 class=\"jp-relatedposts-headline\"><em>Articles similaires<\/em><\/h3>\n<\/p>\n<\/div>\n<div class=\"toggle-post-content clearfix\"><a id=\"toggle-post-button\" class=\"button\" href=\"#\">Afficher plus <\/a><\/div>\n<p>Auteur: Francky<br \/>\n<a href=\"https:\/\/ecomatin.net\/braquage-a-la-cathedrale-notre-dame-des-victoires-de-yaounde\/\">Cliquez ici pour lire l&rsquo;article depuis sa source.<\/a><\/p>\n","protected":false},"excerpt":{"rendered":"<p>Nicaise Biloa, \u00e9pouse Atangana, caissi\u00e8re de la Cath\u00e9drale Notre-Dame-des-victoires de Yaound\u00e9 a \u00e9t\u00e9 au centre d\u2019une sc\u00e8ne inhabituelle dans les locaux de ce lieu de culte. Elle a en effet \u00e9t\u00e9 victime d\u2019un braquage perp\u00e9tr\u00e9 par deux individus non encore identifi\u00e9s, au petit matin du mardi 17 d\u00e9cembre 2019. Selon le r\u00e9cit des faits, dame [&hellip;]<\/p>\n","protected":false},"author":1969,"featured_media":0,"comment_status":"closed","ping_status":"closed","sticky":false,"template":"","format":"standard","meta":{"fifu_image_url":"","fifu_image_alt":"","footnotes":""},"categories":[82,78],"tags":[],"class_list":["post-70564","post","type-post","status-publish","format-standard","hentry","category-cameroun","category-economie"],"_links":{"self":[{"href":"https:\/\/linitiative.ca\/International\/wp-json\/wp\/v2\/posts\/70564","targetHints":{"allow":["GET"]}}],"collection":[{"href":"https:\/\/linitiative.ca\/International\/wp-json\/wp\/v2\/posts"}],"about":[{"href":"https:\/\/linitiative.ca\/International\/wp-json\/wp\/v2\/types\/post"}],"author":[{"embeddable":true,"href":"https:\/\/linitiative.ca\/International\/wp-json\/wp\/v2\/users\/1969"}],"replies":[{"embeddable":true,"href":"https:\/\/linitiative.ca\/International\/wp-json\/wp\/v2\/comments?post=70564"}],"version-history":[{"count":0,"href":"https:\/\/linitiative.ca\/International\/wp-json\/wp\/v2\/posts\/70564\/revisions"}],"wp:attachment":[{"href":"https:\/\/linitiative.ca\/International\/wp-json\/wp\/v2\/media?parent=70564"}],"wp:term":[{"taxonomy":"category","embeddable":true,"href":"https:\/\/linitiative.ca\/International\/wp-json\/wp\/v2\/categories?post=70564"},{"taxonomy":"post_tag","embeddable":true,"href":"https:\/\/linitiative.ca\/International\/wp-json\/wp\/v2\/tags?post=70564"}],"curies":[{"name":"wp","href":"https:\/\/api.w.org\/{rel}","templated":true}]}}