{"id":70567,"date":"2019-12-18T09:09:14","date_gmt":"2019-12-18T14:09:14","guid":{"rendered":"https:\/\/linitiative.ca\/International\/arval-annonce-son-plan-en-fin-du-1er-trimestre-2020\/"},"modified":"2019-12-18T09:09:14","modified_gmt":"2019-12-18T14:09:14","slug":"arval-annonce-son-plan-en-fin-du-1er-trimestre-2020","status":"publish","type":"post","link":"https:\/\/linitiative.ca\/International\/arval-annonce-son-plan-en-fin-du-1er-trimestre-2020\/","title":{"rendered":"Arval annonce son plan en fin du 1er trimestre 2020"},"content":{"rendered":"<p><img decoding=\"async\" class=\"post_layout_5_img\" src=\"http:\/\/aujourdhui.ma\/wp-content\/uploads\/2019\/12\/Arval.jpg?x29840\" alt=\"Arval annonce son plan en fin du 1er trimestre 2020\"\/><\/p>\n<p class=\"p1\"><span class=\"s1 c4\"><strong>La marque se dote d\u2019une nouvelle signature<\/strong><\/span><span id=\"more-327187\"\/><\/p>\n<div class=\"base-box mom_box_sc_custom mom_box_sc clear c5\" readability=\"11\">\n<p class=\"p1\"><strong><span class=\"s1\"><em>Arval estime que son r\u00f4le va bien au-del\u00e0 de la location longue dur\u00e9e de v\u00e9hicules avec services. La marque veut offrir \u00e0 ses clients des solutions de mobilit\u00e9 simples, fluides,\u00a0<\/em><\/span><\/strong><strong><span class=\"s1\"><em>compl\u00e8tes et parfaitement adapt\u00e9es\u00a0<\/em><\/span><span class=\"s1\"><em>\u00e0 leurs besoins.<\/em><\/span><\/strong><\/p>\n<\/div>\n<p class=\"p1\"><span class=\"s1\">La marque Arval se dote d\u2019une nouvelle signature. D\u00e9sormais, elle sera \u00abFor the many journeys in life\u00bb (Pour tous les trajets de la vie) au lieu de \u00ab We care about cars. We care about you\u00bb (Nous prenons soin des voitures comme de vous). Cette signature est, selon les initiateurs, la premi\u00e8re \u00e9tape d\u2019un plan plus large, qui sera annonc\u00e9 \u00e0 la fin du premier trimestre 2020. Ainsi, tous les collaborateurs d\u2019Arval, en tant qu\u2019ambassadeurs de la marque, s\u2019attachent, selon la m\u00eame source, \u00e0 incarner cette nouvelle identit\u00e9 et \u00e0 proposer l\u2019ensemble des solutions adapt\u00e9es \u00e0 ce nouveau positionnement.<\/span><\/p>\n<p class=\"p1\"><span class=\"s1\">En d\u00e9tail, Arval estime que son r\u00f4le va bien au-del\u00e0 de la location longue dur\u00e9e de v\u00e9hicules avec services. Selon Alain Van Groenendael, pr\u00e9sident et CEO d\u2019Arval, la marque veut offrir \u00e0 ses clients des solutions de mobilit\u00e9 simples, fluides, compl\u00e8tes et parfaitement adapt\u00e9es \u00e0 leurs besoins. <em>\u00abPrendre soin de nos clients et les conseiller fait partie de notre ADN. Mais ne parler que de voiture est d\u00e9sormais une vision trop restrictive de notre activit\u00e9. Notre ambition est d\u2019accompagner nos clients tout au long de leurs trajets, quelle que soit la solution de mobilit\u00e9 dont ils ont besoin et quel que soit le moment de leur vie\u00bb<\/em>, ajoute-t-il. Depuis sa cr\u00e9ation il y a 30 ans, Arval, implant\u00e9 dans pr\u00e8s de 30 pays et employant 7.000 personnes, est devenu un leader mondial de la location longue dur\u00e9e de v\u00e9hicules avec services.<\/span><\/p>\n<p class=\"p1\"><span class=\"s1\">Proche de ses clients et des conducteurs de ses v\u00e9hicules, Arval est le t\u00e9moin privil\u00e9gi\u00e9 des \u00e9volutions de la soci\u00e9t\u00e9 en mati\u00e8re de mobilit\u00e9 : nouvelles technologies, r\u00e9glementations qui s\u2019intensifient, place de la voiture en ville, \u00e9mergence de l\u2019\u00e9conomie d\u2019usage, circulaire et solidaire, conscience de l\u2019importance de prot\u00e9ger l\u2019environnement. Fort de ses 16 ann\u00e9es d\u2019exp\u00e9rience, Arval Maroc a su confirmer l\u2019essor du Groupe sur un march\u00e9 en plein d\u00e9veloppement, avec un parc d\u2019environ 7.000 v\u00e9hicules et un vaste r\u00e9seau de 300 prestataires agr\u00e9\u00e9s, de Tanger \u00e0 Dakhla.<\/span><\/p>\n<p class=\"p1\"><span class=\"s1\">En s\u2019appuyant sur l\u2019expertise d\u2019Arval et de fortes synergies avec la BMCI, Arval Maroc accompagne les entreprises dans la gestion de leur parc automobile \u00e0 travers le savoir-faire de ses 60 collaborateurs, dont 75% au service du client et du conducteur.<\/span><\/p>\n<p>Auteur: ALM<br \/>\n<a href=\"http:\/\/aujourdhui.ma\/automobile\/arval-annonce-son-plan-en-fin-du-1er-trimestre-2020\">Cliquez ici pour lire l&rsquo;article depuis sa source.<\/a><\/p>\n","protected":false},"excerpt":{"rendered":"<p>La marque se dote d\u2019une nouvelle signature Arval estime que son r\u00f4le va bien au-del\u00e0 de la location longue dur\u00e9e de v\u00e9hicules avec services. La marque veut offrir \u00e0 ses clients des solutions de mobilit\u00e9 simples, fluides,\u00a0compl\u00e8tes et parfaitement adapt\u00e9es\u00a0\u00e0 leurs besoins. La marque Arval se dote d\u2019une nouvelle signature. D\u00e9sormais, elle sera \u00abFor the [&hellip;]<\/p>\n","protected":false},"author":1759,"featured_media":0,"comment_status":"closed","ping_status":"closed","sticky":false,"template":"","format":"standard","meta":{"fifu_image_url":"","fifu_image_alt":"","footnotes":""},"categories":[73,54],"tags":[],"class_list":["post-70567","post","type-post","status-publish","format-standard","hentry","category-actualite","category-maroc"],"_links":{"self":[{"href":"https:\/\/linitiative.ca\/International\/wp-json\/wp\/v2\/posts\/70567","targetHints":{"allow":["GET"]}}],"collection":[{"href":"https:\/\/linitiative.ca\/International\/wp-json\/wp\/v2\/posts"}],"about":[{"href":"https:\/\/linitiative.ca\/International\/wp-json\/wp\/v2\/types\/post"}],"author":[{"embeddable":true,"href":"https:\/\/linitiative.ca\/International\/wp-json\/wp\/v2\/users\/1759"}],"replies":[{"embeddable":true,"href":"https:\/\/linitiative.ca\/International\/wp-json\/wp\/v2\/comments?post=70567"}],"version-history":[{"count":0,"href":"https:\/\/linitiative.ca\/International\/wp-json\/wp\/v2\/posts\/70567\/revisions"}],"wp:attachment":[{"href":"https:\/\/linitiative.ca\/International\/wp-json\/wp\/v2\/media?parent=70567"}],"wp:term":[{"taxonomy":"category","embeddable":true,"href":"https:\/\/linitiative.ca\/International\/wp-json\/wp\/v2\/categories?post=70567"},{"taxonomy":"post_tag","embeddable":true,"href":"https:\/\/linitiative.ca\/International\/wp-json\/wp\/v2\/tags?post=70567"}],"curies":[{"name":"wp","href":"https:\/\/api.w.org\/{rel}","templated":true}]}}