{"id":70568,"date":"2019-12-18T09:29:17","date_gmt":"2019-12-18T14:29:17","guid":{"rendered":"https:\/\/linitiative.ca\/International\/concours-la-finale-du-meilleur-peintre-carrossier-ce-mercredi\/"},"modified":"2019-12-18T09:29:17","modified_gmt":"2019-12-18T14:29:17","slug":"concours-la-finale-du-meilleur-peintre-carrossier-ce-mercredi","status":"publish","type":"post","link":"https:\/\/linitiative.ca\/International\/concours-la-finale-du-meilleur-peintre-carrossier-ce-mercredi\/","title":{"rendered":"Concours :  La finale  du meilleur peintre  carrossier ce mercredi"},"content":{"rendered":"<header readability=\"1.32291666667\">\n<\/header>\n<div class=\"entry-content clearfix\" readability=\"44\"><img decoding=\"async\" class=\"post_layout_5_img\" src=\"http:\/\/aujourdhui.ma\/wp-content\/uploads\/2019\/12\/BASF-Concours-peintre-carrossier-Automobile.jpg?x29840\" alt=\"Concours : La finale du meilleur peintre carrossier ce mercredi\"\/><\/p>\n<p class=\"p1\"><span class=\"c4\"><strong>La finale de la comp\u00e9tition nationale du concours du meilleur peintre carrossier se tiendra ce mercredi \u00e0 Casablanca.<\/strong><\/span> <span id=\"more-327198\"\/><\/p>\n<p class=\"p1\">Organis\u00e9e par BASF Maroc cette manifestation permettra d\u2019\u00e9lire celui qui repr\u00e9sentera la Maroc \u00e0 la finale internationale pr\u00e9vue en septembre prochain en France. Cette comp\u00e9tition vient, par ailleurs, couronner un cycle de formations qu\u2019organise BASF au profit des techniciens issus de plusieurs concessionnaires automobiles au Maroc.<\/p>\n<p class=\"p1\">Ce cycle rentre dans le cadre de la strat\u00e9gie de l\u2019entreprise visant \u00e0 participer au d\u00e9veloppement de l\u2019\u00e9cosyst\u00e8me automobile au Maroc, notamment via l\u2019encouragement des jeunes.<\/p>\n<\/div>\n<p>Auteur: ALM<br \/>\n<a href=\"http:\/\/aujourdhui.ma\/automobile\/concours-la-finale-du-meilleur-peintre-carrossier-ce-mercredi\">Cliquez ici pour lire l&rsquo;article depuis sa source.<\/a><\/p>\n","protected":false},"excerpt":{"rendered":"<p>La finale de la comp\u00e9tition nationale du concours du meilleur peintre carrossier se tiendra ce mercredi \u00e0 Casablanca. Organis\u00e9e par BASF Maroc cette manifestation permettra d\u2019\u00e9lire celui qui repr\u00e9sentera la Maroc \u00e0 la finale internationale pr\u00e9vue en septembre prochain en France. Cette comp\u00e9tition vient, par ailleurs, couronner un cycle de formations qu\u2019organise BASF au profit [&hellip;]<\/p>\n","protected":false},"author":1759,"featured_media":0,"comment_status":"closed","ping_status":"closed","sticky":false,"template":"","format":"standard","meta":{"fifu_image_url":"","fifu_image_alt":"","footnotes":""},"categories":[73,54],"tags":[],"class_list":["post-70568","post","type-post","status-publish","format-standard","hentry","category-actualite","category-maroc"],"_links":{"self":[{"href":"https:\/\/linitiative.ca\/International\/wp-json\/wp\/v2\/posts\/70568","targetHints":{"allow":["GET"]}}],"collection":[{"href":"https:\/\/linitiative.ca\/International\/wp-json\/wp\/v2\/posts"}],"about":[{"href":"https:\/\/linitiative.ca\/International\/wp-json\/wp\/v2\/types\/post"}],"author":[{"embeddable":true,"href":"https:\/\/linitiative.ca\/International\/wp-json\/wp\/v2\/users\/1759"}],"replies":[{"embeddable":true,"href":"https:\/\/linitiative.ca\/International\/wp-json\/wp\/v2\/comments?post=70568"}],"version-history":[{"count":0,"href":"https:\/\/linitiative.ca\/International\/wp-json\/wp\/v2\/posts\/70568\/revisions"}],"wp:attachment":[{"href":"https:\/\/linitiative.ca\/International\/wp-json\/wp\/v2\/media?parent=70568"}],"wp:term":[{"taxonomy":"category","embeddable":true,"href":"https:\/\/linitiative.ca\/International\/wp-json\/wp\/v2\/categories?post=70568"},{"taxonomy":"post_tag","embeddable":true,"href":"https:\/\/linitiative.ca\/International\/wp-json\/wp\/v2\/tags?post=70568"}],"curies":[{"name":"wp","href":"https:\/\/api.w.org\/{rel}","templated":true}]}}