{"id":70569,"date":"2019-12-18T10:00:01","date_gmt":"2019-12-18T15:00:01","guid":{"rendered":"https:\/\/linitiative.ca\/International\/elles-representent-le-maroc-lalgerie-et-la-tunisie-cinq-scientifiques-maghrebines-consacrees-par-loreal-et-lunesco\/"},"modified":"2019-12-18T10:00:01","modified_gmt":"2019-12-18T15:00:01","slug":"elles-representent-le-maroc-lalgerie-et-la-tunisie-cinq-scientifiques-maghrebines-consacrees-par-loreal-et-lunesco","status":"publish","type":"post","link":"https:\/\/linitiative.ca\/International\/elles-representent-le-maroc-lalgerie-et-la-tunisie-cinq-scientifiques-maghrebines-consacrees-par-loreal-et-lunesco\/","title":{"rendered":"Elles repr\u00e9sentent le Maroc, l\u2019Alg\u00e9rie et la Tunisie : Cinq scientifiques maghr\u00e9bines consacr\u00e9es  par L\u2019Or\u00e9al et l\u2019Unesco"},"content":{"rendered":"<p><img decoding=\"async\" class=\"post_layout_5_img\" src=\"http:\/\/aujourdhui.ma\/wp-content\/uploads\/2019\/12\/les-deux-Marocaines-deux-Tunisiennes-et-une-Alge%CC%81rienne-a%CC%80-avoir-be%CC%81ne%CC%81ficie%CC%81-cette-anne%CC%81e-des-bourses-octroye%CC%81es-par-L%E2%80%99Ore%CC%81al-Unesco.jpg?x29840\" alt=\"Elles repr\u00e9sentent le Maroc, l\u2019Alg\u00e9rie et la Tunisie : Cinq scientifiques maghr\u00e9bines consacr\u00e9es par L\u2019Or\u00e9al et l\u2019Unesco\"\/><\/p>\n<p class=\"p1\"><span class=\"c4\"><strong><em>Le processus\u00a0<\/em><em>de s\u00e9lection est des plus pointus. Le jury est tr\u00e8s regardant sur l\u2019\u00e2ge de la candidate qui ne doit pas d\u00e9passer les 35 ans, sur son cursus universitaire puisqu\u2019elle doit \u00eatre doctorante ou post-doctorante, sur la faisabilit\u00e9 de son projet sur un d\u00e9lai d\u2019une ann\u00e9e et de son impact sur le plan scientifique et social.<\/em><\/strong><\/span> <span id=\"more-327140\"\/><\/p>\n<p class=\"p1\"><span class=\"s1\">Elles sont deux Marocaines, deux Tunisiennes et une Alg\u00e9rienne \u00e0 avoir b\u00e9n\u00e9fici\u00e9 cette ann\u00e9e des bourses octroy\u00e9es par L\u2019Or\u00e9al-Unesco. Ces cinq boursi\u00e8res ont \u00e9t\u00e9 retenues sur une cinquantaine de candidates du Maghreb dans le cadre du programme \u00abPour les femmes et la science\u00bb (For Women in Science) initi\u00e9 par la Fondation L\u2019Or\u00e9al et l\u2019Unesco. L\u2019\u00e9dition 2019 qui a \u00e9t\u00e9 clotur\u00e9e lundi 16 d\u00e9cembre \u00e0 Casablanca par une c\u00e9r\u00e9monie d\u2019octroi de bourse marque en effet 13 ans de d\u00e9ploiement de ce programme au Maroc et 6 ans au Maghreb. <em>\u00abDepuis 13 ans d\u2019existence nous pouvons compter 60 boursi\u00e8res ayant b\u00e9n\u00e9fici\u00e9 du programme. Elles forment aujourd\u2019hui un r\u00e9seau international pour \u00e9changer avec d\u2019autres scientifiques du monde entier \u00e0 travers notre fondation\u00bb,<\/em> nous confie dans ce sens Nadia Zekri, responsable communication corporate de L\u2019Or\u00e9al Maroc.<\/span><\/p>\n<p><a href=\"http:\/\/aujourdhui.ma\/wp-content\/uploads\/2019\/12\/L-OREAL-Unesco.jpg?x29840\"><img loading=\"lazy\" decoding=\"async\" class=\"size-full wp-image-327145 aligncenter\" src=\"http:\/\/aujourdhui.ma\/wp-content\/uploads\/2019\/12\/L-OREAL-Unesco.jpg?x29840\" alt=\"\" width=\"746\" height=\"380\" srcset=\"http:\/\/aujourdhui.ma\/wp-content\/uploads\/2019\/12\/L-OREAL-Unesco.jpg 746w, http:\/\/aujourdhui.ma\/wp-content\/uploads\/2019\/12\/L-OREAL-Unesco-300x153.jpg 300w\" sizes=\"auto, (max-width: 746px) 100vw, 746px\"\/><\/a><\/p>\n<p class=\"p1\"><span class=\"s1\">Le programme consacre en effet l\u2019excellence scientifique des chercheuses participantes. Le processus de s\u00e9lection est des plus pointus. Le jury est tr\u00e8s regardant sur l\u2019\u00e2ge de la candidate qui ne doit pas d\u00e9passer les 35 ans, sur son cursus universitaire puisqu\u2019elle doit \u00eatre doctorante ou post-doctorante, sur la faisabilit\u00e9 de son projet sur un d\u00e9lai d\u2019une ann\u00e9e et de son impact sur le plan scientifique et social. Le jury \u0153uvre par ailleurs pour que la s\u00e9lection soit la plus objective possible. Ainsi, les projets pr\u00e9sent\u00e9s sont examin\u00e9s et not\u00e9s au moins par trois membres de jury de mani\u00e8re ind\u00e9pendante. Globalement, les \u00e9carts sont minimes, ce qui garantit la pertinence des projets retenus. Cette ann\u00e9e les laur\u00e9ates repr\u00e9sentent les trois pays du Maghreb.<\/span><\/p>\n<p class=\"p1\"><span class=\"s1\">On cite \u00e0 cet effet Laila El Ghazouani de l\u2019\u00e9cole nationale d\u2019architecture de Rabat, Hanan Arahmane de l\u2019Universit\u00e9 Mohammed V de Rabat, Soumicha Mahdjour de l\u2019Universit\u00e9 du Mascara d\u2019Alger, Leila Nesraoui, de l\u2019Universit\u00e9 de Carthage Ariana et Randa Sghaier de l\u2019Universit\u00e9 de Monastir Sousse.<span class=\"Apple-converted-space\">\u00a0<\/span> Elles op\u00e8rent dans des sp\u00e9cialit\u00e9s vari\u00e9es telles que la physique, la chimie, la biologie, l\u2019architecture ou encore les TIC. Les laur\u00e9ates b\u00e9n\u00e9ficient ainsi d\u2019une bourse de 10.000 euros chacune. Une dotation qui leur permettra de mener \u00e0 bien leurs projets post-doctorat. <em>\u00abA travers cette bourse, nous accompagnons les b\u00e9n\u00e9ficiaires \u00e0 concr\u00e9tiser leur projet.<\/em><\/span><\/p>\n<p><a href=\"http:\/\/aujourdhui.ma\/wp-content\/uploads\/2019\/12\/L-OREAL-Unesco-1.jpg?x29840\"><img loading=\"lazy\" decoding=\"async\" class=\"size-full wp-image-327144 aligncenter\" src=\"http:\/\/aujourdhui.ma\/wp-content\/uploads\/2019\/12\/L-OREAL-Unesco-1.jpg?x29840\" alt=\"\" width=\"746\" height=\"380\" srcset=\"http:\/\/aujourdhui.ma\/wp-content\/uploads\/2019\/12\/L-OREAL-Unesco-1.jpg 746w, http:\/\/aujourdhui.ma\/wp-content\/uploads\/2019\/12\/L-OREAL-Unesco-1-300x153.jpg 300w\" sizes=\"auto, (max-width: 746px) 100vw, 746px\"\/><\/a><\/p>\n<p class=\"p1\"><span class=\"s1\"><em>L\u2019Unesco les accompagne ainsi dans leurs travaux<\/em> <em>scientifiques, en les mettant, \u00e0 titre d\u2019exemple, en contact avec d\u2019autres boursi\u00e8res et chercheurs qui travaillent sur le m\u00eame sujet pour qu\u2019elle puissent avancer plus rapidement et d\u00e9velopper leur projet\u00bb.<\/em> Il est \u00e0 pr\u00e9ciser que le programme <em>\u00abPour la femme et la science\u00bb<\/em> consacre 20 ann\u00e9es de collaboration entre la Fondation L\u2019Or\u00e9al et l\u2019Unesco. Les deux entit\u00e9s se sont engag\u00e9es au fil de ces deux d\u00e9cennies \u00e0 aider davantage les femmes \u00e0 acc\u00e9der \u00e0 l\u2019excellence<span class=\"Apple-converted-space\">\u00a0<\/span> scientifique et \u00e0 participer sur un pied d\u2019\u00e9galit\u00e9 \u00e0 la r\u00e9solution des grands d\u00e9fis qu\u2019affronte l\u2019humanit\u00e9.<\/span><\/p>\n<div class=\"base-box mom_box_sc_custom mom_box_sc clear c7\" readability=\"22\">\n<p class=\"p1\"><span class=\"s1 c6\"><strong><span class=\"c5\">Les membres du jury<\/span><\/strong><\/span><\/p>\n<p><a href=\"http:\/\/aujourdhui.ma\/wp-content\/uploads\/2019\/12\/L-OREAL-jury.jpg?x29840\"><img loading=\"lazy\" decoding=\"async\" class=\"size-full wp-image-327143 aligncenter\" src=\"http:\/\/aujourdhui.ma\/wp-content\/uploads\/2019\/12\/L-OREAL-jury.jpg?x29840\" alt=\"\" width=\"746\" height=\"380\" srcset=\"http:\/\/aujourdhui.ma\/wp-content\/uploads\/2019\/12\/L-OREAL-jury.jpg 746w, http:\/\/aujourdhui.ma\/wp-content\/uploads\/2019\/12\/L-OREAL-jury-300x153.jpg 300w\" sizes=\"auto, (max-width: 746px) 100vw, 746px\"\/><\/a><\/p>\n<p class=\"p1\"><span class=\"s1\">Le jury de l\u2019\u00e9dition 2019 du programme \u00abPour la femme et pour la science\u00bb a \u00e9t\u00e9 pr\u00e9sid\u00e9 par Abdelaziz Benjouad, professeur biologiste et vice-pr\u00e9sident du d\u00e9partement recherche et d\u00e9veloppement de l\u2019Universi\u00e9 internationale de Rabat. Ce comit\u00e9 est par ailleurs compos\u00e9 de Rajaa Cherkaoui El Moursli, membre r\u00e9sident de l\u2019Acad\u00e9mie des sciences et technologies Hassan II, membre de TWAS et membre de l\u2019Acad\u00e9mie africaine des sciences, de Katim Alaoui, directrice g\u00e9n\u00e9rale de la Fondation Mohammed VI pour la recherche et la sauvegarde de l\u2019arganier, responsable de l\u2019\u00e9quipe de recherche en toxico-pharmacodynamie \u00e0 la Facult\u00e9 de m\u00e9decine et de pharmacie de l\u2019Universit\u00e9 Mohammed V-Souissi de Rabat, de Safia Tahiri, directrice du Laboratoire de physico-chimie th\u00e9orique et chimie informatique \u00e0 la Facult\u00e9 de chimie d\u2019Alger, et Mourad Telmini, professeur de physique \u00e0 la Facult\u00e9 des sciences Tunis El Manar, pr\u00e9sident de l\u2019Association tunisienne de m\u00e9trologie, vice-pr\u00e9sident de la Soci\u00e9t\u00e9 tunisienne de physique.<\/span><\/p>\n<\/div>\n<p>Auteur: Kawtar Tali<br \/>\n<a href=\"http:\/\/aujourdhui.ma\/societe\/elles-representent-le-maroc-lalgerie-et-la-tunisie-cinq-scientifiques-maghrebines-consacrees-par-loreal-et-lunesco\">Cliquez ici pour lire l&rsquo;article depuis sa source.<\/a><\/p>\n","protected":false},"excerpt":{"rendered":"<p>Le processus\u00a0de s\u00e9lection est des plus pointus. Le jury est tr\u00e8s regardant sur l\u2019\u00e2ge de la candidate qui ne doit pas d\u00e9passer les 35 ans, sur son cursus universitaire puisqu\u2019elle doit \u00eatre doctorante ou post-doctorante, sur la faisabilit\u00e9 de son projet sur un d\u00e9lai d\u2019une ann\u00e9e et de son impact sur le plan scientifique et [&hellip;]<\/p>\n","protected":false},"author":1759,"featured_media":0,"comment_status":"closed","ping_status":"closed","sticky":false,"template":"","format":"standard","meta":{"fifu_image_url":"","fifu_image_alt":"","footnotes":""},"categories":[73,54],"tags":[],"class_list":["post-70569","post","type-post","status-publish","format-standard","hentry","category-actualite","category-maroc"],"_links":{"self":[{"href":"https:\/\/linitiative.ca\/International\/wp-json\/wp\/v2\/posts\/70569","targetHints":{"allow":["GET"]}}],"collection":[{"href":"https:\/\/linitiative.ca\/International\/wp-json\/wp\/v2\/posts"}],"about":[{"href":"https:\/\/linitiative.ca\/International\/wp-json\/wp\/v2\/types\/post"}],"author":[{"embeddable":true,"href":"https:\/\/linitiative.ca\/International\/wp-json\/wp\/v2\/users\/1759"}],"replies":[{"embeddable":true,"href":"https:\/\/linitiative.ca\/International\/wp-json\/wp\/v2\/comments?post=70569"}],"version-history":[{"count":0,"href":"https:\/\/linitiative.ca\/International\/wp-json\/wp\/v2\/posts\/70569\/revisions"}],"wp:attachment":[{"href":"https:\/\/linitiative.ca\/International\/wp-json\/wp\/v2\/media?parent=70569"}],"wp:term":[{"taxonomy":"category","embeddable":true,"href":"https:\/\/linitiative.ca\/International\/wp-json\/wp\/v2\/categories?post=70569"},{"taxonomy":"post_tag","embeddable":true,"href":"https:\/\/linitiative.ca\/International\/wp-json\/wp\/v2\/tags?post=70569"}],"curies":[{"name":"wp","href":"https:\/\/api.w.org\/{rel}","templated":true}]}}