{"id":70572,"date":"2019-12-18T05:18:09","date_gmt":"2019-12-18T10:18:09","guid":{"rendered":"https:\/\/linitiative.ca\/International\/%ef%bb%bfcloture-en-beaute-de-la-8e-etape-a-mediouna\/"},"modified":"2019-12-18T05:18:09","modified_gmt":"2019-12-18T10:18:09","slug":"%ef%bb%bfcloture-en-beaute-de-la-8e-etape-a-mediouna","status":"publish","type":"post","link":"https:\/\/linitiative.ca\/International\/%ef%bb%bfcloture-en-beaute-de-la-8e-etape-a-mediouna\/","title":{"rendered":"\ufeffCl\u00f4ture en beaut\u00e9 de la 8e \u00e9tape \u00e0 M\u00e9diouna"},"content":{"rendered":"<p class=\"has-text-color has-vivid-cyan-blue-color\"><strong>Championnat national de motocross et Cross-countryLe week-end dernier, la pr\u00e9fecture de M\u00e9diouna a abrit\u00e9 l\u2019\u00e9tape de cl\u00f4ture de la 8<\/strong><sup><strong>e<\/strong><\/sup><strong>\u00a0et derni\u00e8re \u00e9tape du championnat national de motocross et Cross-country.<\/strong><\/p>\n<p>Organis\u00e9 \u00e0 l\u2019initiative du Club Dada\u2019s Bike, sous l\u2019\u00e9gide de la F\u00e9d\u00e9ration Royale Marocaine de motocyclisme,\u00a0le championnat a connu la participation d\u2019une centaine de motocrosseurs de toutes les r\u00e9gions du Maroc ainsi que des \u00e9trangers invit\u00e9s \u00e0 donner la r\u00e9plique \u00e0 leurs homologues marocains. Gr\u00e2ce \u00e0 une m\u00e9t\u00e9o favorable et \u00e0 une organisation presque parfaite, men\u00e9e de main de ma\u00eetre par le trio Toubaji directeur de course, Khalid Lqadimi chef manager et Abdellah\u00a0 La\u00e2raichi, pr\u00e9sident du club, cette \u00e9tape a tenu toutes ses promesses.<\/p>\n<p>Les prouesses exceptionnelles des comp\u00e9titeurs, jeunes et passionn\u00e9s, jumel\u00e9es au magnifique paysage sur lequel est install\u00e9e la site de comp\u00e9tition, ont permis au public pr\u00e9sent de vivre une course de dimension internationale avec un show exceptionnel sur un circuit mis en place \u00e0 Douar Rwaje.<\/p>\n<p>En ce qui concerne l\u2019\u00e9preuve Cross-country en cat\u00e9gorie E1, Antonio Sanchez Lopez\u00a0 est arriv\u00e9 en t\u00eate du classement suivi par Abdelah Hadad en deuxi\u00e8me place et Mohamed Bhiri en derni\u00e8re position.<\/p>\n<p>Quant \u00e0 la cat\u00e9gorie E2, la premi\u00e8re place a \u00e9t\u00e9 rafl\u00e9e par Fawzi Kaddour, suivi par Abderahman Tarik en deuxi\u00e8me position alors que la 3<sup>e<\/sup> place est revenue \u00e0 Salvador Munuz.<\/p>\n<p>Enfin et en cat\u00e9gorie E3, Adil Sarroukh s\u2019est empar\u00e9 la premi\u00e8re place. Mohamed Bennour, pour sa part, est arriv\u00e9 en deuxi\u00e8me position tandis que Adil Hedjouzi a cl\u00f4tur\u00e9 le podium.<\/p>\n<p>Par ailleurs, le Club Dada\u2019s Bike qui compte \u00e0 son actif plusieurs manifestations excellemment bien r\u00e9ussies, a bien rod\u00e9 ses comp\u00e9tences en mati\u00e8re de gestion et de supervision de ce type de course.<\/p>\n<p class=\"c2\"><strong>Aimen Bouzoggaghe<\/strong><\/p>\n<p>Auteur: M&rsquo;hammed rahal<br \/>\n<a href=\"http:\/\/albayane.press.ma\/%EF%BB%BFcloture-en-beaute-de-la-8e-etape-a-mediouna.html\">Cliquez ici pour lire l&rsquo;article depuis sa source.<\/a><\/p>\n","protected":false},"excerpt":{"rendered":"<p>Championnat national de motocross et Cross-countryLe week-end dernier, la pr\u00e9fecture de M\u00e9diouna a abrit\u00e9 l\u2019\u00e9tape de cl\u00f4ture de la 8e\u00a0et derni\u00e8re \u00e9tape du championnat national de motocross et Cross-country. Organis\u00e9 \u00e0 l\u2019initiative du Club Dada\u2019s Bike, sous l\u2019\u00e9gide de la F\u00e9d\u00e9ration Royale Marocaine de motocyclisme,\u00a0le championnat a connu la participation d\u2019une centaine de motocrosseurs de [&hellip;]<\/p>\n","protected":false},"author":1760,"featured_media":0,"comment_status":"closed","ping_status":"closed","sticky":false,"template":"","format":"standard","meta":{"fifu_image_url":"","fifu_image_alt":"","footnotes":""},"categories":[73,54],"tags":[],"class_list":["post-70572","post","type-post","status-publish","format-standard","hentry","category-actualite","category-maroc"],"_links":{"self":[{"href":"https:\/\/linitiative.ca\/International\/wp-json\/wp\/v2\/posts\/70572","targetHints":{"allow":["GET"]}}],"collection":[{"href":"https:\/\/linitiative.ca\/International\/wp-json\/wp\/v2\/posts"}],"about":[{"href":"https:\/\/linitiative.ca\/International\/wp-json\/wp\/v2\/types\/post"}],"author":[{"embeddable":true,"href":"https:\/\/linitiative.ca\/International\/wp-json\/wp\/v2\/users\/1760"}],"replies":[{"embeddable":true,"href":"https:\/\/linitiative.ca\/International\/wp-json\/wp\/v2\/comments?post=70572"}],"version-history":[{"count":0,"href":"https:\/\/linitiative.ca\/International\/wp-json\/wp\/v2\/posts\/70572\/revisions"}],"wp:attachment":[{"href":"https:\/\/linitiative.ca\/International\/wp-json\/wp\/v2\/media?parent=70572"}],"wp:term":[{"taxonomy":"category","embeddable":true,"href":"https:\/\/linitiative.ca\/International\/wp-json\/wp\/v2\/categories?post=70572"},{"taxonomy":"post_tag","embeddable":true,"href":"https:\/\/linitiative.ca\/International\/wp-json\/wp\/v2\/tags?post=70572"}],"curies":[{"name":"wp","href":"https:\/\/api.w.org\/{rel}","templated":true}]}}