{"id":70573,"date":"2019-12-18T05:27:28","date_gmt":"2019-12-18T10:27:28","guid":{"rendered":"https:\/\/linitiative.ca\/International\/lafargeholcim-encourage-les-talents-marocains\/"},"modified":"2019-12-18T05:27:28","modified_gmt":"2019-12-18T10:27:28","slug":"lafargeholcim-encourage-les-talents-marocains","status":"publish","type":"post","link":"https:\/\/linitiative.ca\/International\/lafargeholcim-encourage-les-talents-marocains\/","title":{"rendered":"LafargeHolcim encourage les talents marocains"},"content":{"rendered":"<p class=\"has-text-color has-vivid-cyan-blue-color\"><strong>LafargeHolcim Maroc a annonc\u00e9 la 6e \u00e9dition des LafargeHolcim Awards, un concours international en mati\u00e8re de construction durable. Pour la premi\u00e8re fois, la r\u00e9union des membres du jury de la r\u00e9gion Afrique et Moyen-Orient sera organis\u00e9e au Maroc, \u00e0 l\u2019\u00c9cole sup\u00e9rieure d\u2019architecture de Casablanca.<\/strong><\/p>\n<p>Cr\u00e9\u00e9s en 2005 et initi\u00e9 par la Fondation LafargeHolcim avec une dotation globale de 2 millions $ , les LafargeHolcim Awards visent \u00e0 encourager tous les acteurs qui sont au c\u0153ur des projets de la ville et de l\u2019habitat \u00e0 d\u00e9passer les notions traditionnelles de la construction durable. La comp\u00e9tition s\u2019adresse aux professionnels (architectes, urbanistes et ing\u00e9nieurs), mais aussi aux \u00e9tudiants en architecture dont les id\u00e9es audacieuses peuvent \u00eatre \u00e0 l\u2019origine de projets innovants et exemplaires, quels que soient les mat\u00e9riaux utilis\u00e9s. Tous les domaines sont concern\u00e9s : de l\u2019architecture \u00e0 l\u2019ing\u00e9nierie, en passant par l\u2019am\u00e9nagement urbain, les mat\u00e9riaux et les technologies de construction.<\/p>\n<p>La premi\u00e8re cat\u00e9gorie du concours est ouverte aux professionnels du domaine de la construction : architectes, ing\u00e9nieurs, planificateurs et constructeurs professionnels. Elle concerne les projets de construction durable, \u00e0 un stade avanc\u00e9 de conception, qui pr\u00e9sentent une forte probabilit\u00e9 de r\u00e9alisation. La construction ou la fabrication ne doit pas avoir commenc\u00e9 avant le 1er janvier 2019. La cat\u00e9gorie Next Generation s\u2019int\u00e9resse aux concepts de design innovants et aux id\u00e9es audacieuses, \u00e0 un stade de conception pr\u00e9liminaire. Pour participer \u00e0 cette cat\u00e9gorie, les auteurs ne doivent pas \u00eatre \u00e2g\u00e9s de plus de 30 ans.<\/p>\n<p>Les candidatures sont \u00e9valu\u00e9es par des jurys d\u2019experts ind\u00e9pendants dans cinq r\u00e9gions du monde. Pour la r\u00e9gion Afrique et Moyen Orient (MEA), le jury est compos\u00e9 de Mariam Kamara (pr\u00e9sidente), Zegeye Cherenet, professeur \u00e0 l\u2019Institut d\u2019architecture, de construction et de d\u00e9veloppement urbain (\u00c9thiopie), Linna Choi, directrice de OUALALOU + CHOI (Maroc), Joana Dabaj, co-fondatrice et coordinatrice de CatalyticAction (Liban), Huda Shaka, directrice associ\u00e9e chez Arup (\u00c9mirats arabes unis), et Heinrich Wolff, directeur de Wolff Architects (Afrique du Sud).<\/p>\n<p>Pour la premi\u00e8re fois, la r\u00e9union des membres du jury de la r\u00e9gion Afrique et Moyen-Orient sera organis\u00e9e au Maroc. D\u2019ailleurs,\u00a0 afin d\u2019encourager les candidatures marocaines, LafargeHolcim Maroc a d\u00e9marr\u00e9 le 10 d\u00e9cembre un road show au niveau des \u00e9coles d\u2019architecture et d\u2019ing\u00e9nierie du Royaume. Ainsi, les candidats marocains ont jusqu\u2019au 25 f\u00e9vrier 2020 pour d\u00e9poser leurs projets de construction exemplaires et novateurs ainsi que leurs concepts de design innovants. Les laur\u00e9ats seront annonc\u00e9s au cours du second semestre 2020, lors des c\u00e9r\u00e9monies de remise des prix qui seront organis\u00e9es dans chaque r\u00e9gion. Les gagnants participeront ensuite aux Global LafargeHolcim Awards en 2021 et seront \u00e9valu\u00e9s par un jury international dirig\u00e9 par M. Hashim Sarkis du Massachusetts Institute of Technology, \u00e9galement commissaire de la Biennale d\u2019architecture de Venise 2020.<\/p>\n<p>Pour rappel, la derni\u00e8re \u00e9dition de la comp\u00e9tition a re\u00e7u plus de 5 000 candidatures en provenance de 130 pays dont pr\u00e8s de 80 candidatures marocaines.<\/p>\n<p class=\"c2\"><strong>K. Khennach<\/strong><\/p>\n<p>Auteur: M&rsquo;hammed rahal<br \/>\n<a href=\"http:\/\/albayane.press.ma\/lafargeholcim-encourage-les-talents-marocains.html\">Cliquez ici pour lire l&rsquo;article depuis sa source.<\/a><\/p>\n","protected":false},"excerpt":{"rendered":"<p>LafargeHolcim Maroc a annonc\u00e9 la 6e \u00e9dition des LafargeHolcim Awards, un concours international en mati\u00e8re de construction durable. Pour la premi\u00e8re fois, la r\u00e9union des membres du jury de la r\u00e9gion Afrique et Moyen-Orient sera organis\u00e9e au Maroc, \u00e0 l\u2019\u00c9cole sup\u00e9rieure d\u2019architecture de Casablanca. Cr\u00e9\u00e9s en 2005 et initi\u00e9 par la Fondation LafargeHolcim avec une [&hellip;]<\/p>\n","protected":false},"author":1760,"featured_media":0,"comment_status":"closed","ping_status":"closed","sticky":false,"template":"","format":"standard","meta":{"fifu_image_url":"","fifu_image_alt":"","footnotes":""},"categories":[73,54],"tags":[],"class_list":["post-70573","post","type-post","status-publish","format-standard","hentry","category-actualite","category-maroc"],"_links":{"self":[{"href":"https:\/\/linitiative.ca\/International\/wp-json\/wp\/v2\/posts\/70573","targetHints":{"allow":["GET"]}}],"collection":[{"href":"https:\/\/linitiative.ca\/International\/wp-json\/wp\/v2\/posts"}],"about":[{"href":"https:\/\/linitiative.ca\/International\/wp-json\/wp\/v2\/types\/post"}],"author":[{"embeddable":true,"href":"https:\/\/linitiative.ca\/International\/wp-json\/wp\/v2\/users\/1760"}],"replies":[{"embeddable":true,"href":"https:\/\/linitiative.ca\/International\/wp-json\/wp\/v2\/comments?post=70573"}],"version-history":[{"count":0,"href":"https:\/\/linitiative.ca\/International\/wp-json\/wp\/v2\/posts\/70573\/revisions"}],"wp:attachment":[{"href":"https:\/\/linitiative.ca\/International\/wp-json\/wp\/v2\/media?parent=70573"}],"wp:term":[{"taxonomy":"category","embeddable":true,"href":"https:\/\/linitiative.ca\/International\/wp-json\/wp\/v2\/categories?post=70573"},{"taxonomy":"post_tag","embeddable":true,"href":"https:\/\/linitiative.ca\/International\/wp-json\/wp\/v2\/tags?post=70573"}],"curies":[{"name":"wp","href":"https:\/\/api.w.org\/{rel}","templated":true}]}}