{"id":70574,"date":"2019-12-18T05:36:55","date_gmt":"2019-12-18T10:36:55","guid":{"rendered":"https:\/\/linitiative.ca\/International\/la-js-annonce-son-adhesion-a-tajaddor-et-incihar\/"},"modified":"2019-12-18T05:36:55","modified_gmt":"2019-12-18T10:36:55","slug":"la-js-annonce-son-adhesion-a-tajaddor-et-incihar","status":"publish","type":"post","link":"https:\/\/linitiative.ca\/International\/la-js-annonce-son-adhesion-a-tajaddor-et-incihar\/","title":{"rendered":"La JS annonce son adh\u00e9sion \u00e0 \u00abTajaddor et Incihar\u00bb"},"content":{"rendered":"<p class=\"has-text-color has-vivid-red-color c2\"><strong>Adopt\u00e9 \u00e0 l\u2019unanimit\u00e9 par le CC du PPS<\/strong><\/p>\n<p class=\"has-text-color has-vivid-cyan-blue-color\"><strong>Le Bureau national de la Jeunesse socialiste (JS), r\u00e9uni, samedi 14 d\u00e9cembre au si\u00e8ge national du Parti du progr\u00e8s et du socialisme \u00e0 Rabat, a fait part de sa haute appr\u00e9ciation des id\u00e9es et des orientations contenues dans le\u00a0 document \u00abTajaddor et Incihar\u00bb, adopt\u00e9 le m\u00eame jour par le Comit\u00e9 central du PPS, lors de sa cinqui\u00e8me session ordinaire.<\/strong><\/p>\n<p>Tout en r\u00e9it\u00e9rant sa fiert\u00e9 de l\u2019\u00e9cole productive du parti et fid\u00e8le \u00e0 son r\u00e9f\u00e9rentiel intellectuel et innovante pour s\u2019adapter aux conditions objectives de la situation, le Bureau national de la JS indique dans un communiqu\u00e9, rendu public \u00e0 l\u2019issue de cette r\u00e9union, avoir d\u00e9cid\u00e9 de consacrer sa prochaine r\u00e9union \u00e0 un seul point portant sur la mobilisation des sections locales et provinciales de l\u2019organisation pour l\u2019impl\u00e9mentation de la teneur dudit document.<\/p>\n<p>Le Bureau national de la JS a d\u2019autre part examin\u00e9 un rapport pr\u00e9sent\u00e9 par le Secr\u00e9taire g\u00e9n\u00e9ral de l\u2019organisation sur la derni\u00e8re r\u00e9union des membres du Bureau avec leurs homologues du Bureau ex\u00e9cutif de l\u2019organisation de la Jeunesse istiqlalienne.<\/p>\n<p>Au cours de cette r\u00e9union, les deux parties avaient examin\u00e9 les moyens de coordination et de coop\u00e9ration entre les deux organisations dans le cadre de leur combat visant la d\u00e9fense des droits politiques, \u00e9conomiques, sociaux, culturels et environnementaux des jeunes marocains. Elles ont pass\u00e9 aussi en revue l\u2019action conjointe des deux organisations au niveau de la F\u00e9d\u00e9ration mondiale de la jeunesse d\u00e9mocratique (FMJD) et de International Union of Socialist Youth (IUSY).<\/p>\n<p class=\"has-text-color has-vivid-red-color c2\"><strong>L\u2019apaisement passe par la lib\u00e9ration des d\u00e9tenus d\u2019opinion et des mouvements sociaux<\/strong><\/p>\n<p>Au plan national, la direction de la JS souligne la n\u00e9cessit\u00e9 de donner des signaux forts d\u2019apaisement pour d\u00e9passer la situation de marasme et de d\u00e9fiance qui pr\u00e9vaut sur le paysage politique \u00e0 travers notamment la lib\u00e9ration des d\u00e9tenus d\u2019opinion et des mouvements sociaux dont en premier lieu ceux des Hiraks d\u2019Al Hoceima et de Jerada et ce dans le but de redonner confiance aux jeunes.<\/p>\n<p>En optant pour un traitement s\u00e9curitaire des manifestations \u00e0 revendications sociales, approche somme toutes couteuse \u00e0 l\u2019image du pays aux niveaux politique et des droits humains, le gouvernement a montr\u00e9 son \u00e9chec dans la gestion de ce dossier outre son incapacit\u00e9 de lancer des politiques publiques pour l\u2019am\u00e9lioration des conditions de vie des classes pauvres et vuln\u00e9rables.<\/p>\n<p>Le pays a besoin d\u2019un nouveau contrat avec un souffle nouveau, rappelle le Bureau national, selon lequel l\u2019am\u00e9lioration de la situation des jeunes marocains doit \u00eatre au centre des politiques publiques.<\/p>\n<p>S\u2019agissant du dossier des enseignants contractuels, le Bureau national de la JS renouvelle sa condamnation de la r\u00e9pression continue de leur mouvement pacifique et appelle \u00e0 se pencher s\u00e9rieusement sur la recherche d\u2019une solution visant la satisfaction de leurs revendications l\u00e9gitimes.<\/p>\n<p>Evoquant la loi de finances 2020, le Bureau national de la JS d\u00e9plore le fait que cette loi n\u2019a pas d\u2019identit\u00e9 sociale et d\u00e9nonce entre autres les dispositions de l\u2019article 9, selon lequel les biens de l\u2019Etat sont insaisissables.<\/p>\n<p>Apr\u00e8s avoir r\u00e9it\u00e9r\u00e9 sa solidarit\u00e9 avec l\u2019ensemble des forces des jeunes en lutte \u00e0 travers le monde pour la libert\u00e9, la dignit\u00e9, la justice sociale et la d\u00e9mocratie, dont en premier les jeunes palestiniens, le Bureau national s\u2019est pench\u00e9 sur les pr\u00e9paratifs de la troisi\u00e8me session du bureau central de l\u2019organisation.<\/p>\n<p class=\"c3\"><strong>MT<\/strong><\/p>\n<p>Auteur: M&rsquo;hammed rahal<br \/>\n<a href=\"http:\/\/albayane.press.ma\/la-js-annonce-son-adhesion-a-tajaddor-et-incihar.html\">Cliquez ici pour lire l&rsquo;article depuis sa source.<\/a><\/p>\n","protected":false},"excerpt":{"rendered":"<p>Adopt\u00e9 \u00e0 l\u2019unanimit\u00e9 par le CC du PPS Le Bureau national de la Jeunesse socialiste (JS), r\u00e9uni, samedi 14 d\u00e9cembre au si\u00e8ge national du Parti du progr\u00e8s et du socialisme \u00e0 Rabat, a fait part de sa haute appr\u00e9ciation des id\u00e9es et des orientations contenues dans le\u00a0 document \u00abTajaddor et Incihar\u00bb, adopt\u00e9 le m\u00eame jour [&hellip;]<\/p>\n","protected":false},"author":1760,"featured_media":0,"comment_status":"closed","ping_status":"closed","sticky":false,"template":"","format":"standard","meta":{"fifu_image_url":"","fifu_image_alt":"","footnotes":""},"categories":[73,54],"tags":[],"class_list":["post-70574","post","type-post","status-publish","format-standard","hentry","category-actualite","category-maroc"],"_links":{"self":[{"href":"https:\/\/linitiative.ca\/International\/wp-json\/wp\/v2\/posts\/70574","targetHints":{"allow":["GET"]}}],"collection":[{"href":"https:\/\/linitiative.ca\/International\/wp-json\/wp\/v2\/posts"}],"about":[{"href":"https:\/\/linitiative.ca\/International\/wp-json\/wp\/v2\/types\/post"}],"author":[{"embeddable":true,"href":"https:\/\/linitiative.ca\/International\/wp-json\/wp\/v2\/users\/1760"}],"replies":[{"embeddable":true,"href":"https:\/\/linitiative.ca\/International\/wp-json\/wp\/v2\/comments?post=70574"}],"version-history":[{"count":0,"href":"https:\/\/linitiative.ca\/International\/wp-json\/wp\/v2\/posts\/70574\/revisions"}],"wp:attachment":[{"href":"https:\/\/linitiative.ca\/International\/wp-json\/wp\/v2\/media?parent=70574"}],"wp:term":[{"taxonomy":"category","embeddable":true,"href":"https:\/\/linitiative.ca\/International\/wp-json\/wp\/v2\/categories?post=70574"},{"taxonomy":"post_tag","embeddable":true,"href":"https:\/\/linitiative.ca\/International\/wp-json\/wp\/v2\/tags?post=70574"}],"curies":[{"name":"wp","href":"https:\/\/api.w.org\/{rel}","templated":true}]}}