{"id":70575,"date":"2019-12-18T07:39:21","date_gmt":"2019-12-18T12:39:21","guid":{"rendered":"https:\/\/linitiative.ca\/International\/la-tutelle-sevit-retrait-des-licences-a-deux-entreprises-de-placement-a-letranger\/"},"modified":"2019-12-18T07:39:21","modified_gmt":"2019-12-18T12:39:21","slug":"la-tutelle-sevit-retrait-des-licences-a-deux-entreprises-de-placement-a-letranger","status":"publish","type":"post","link":"https:\/\/linitiative.ca\/International\/la-tutelle-sevit-retrait-des-licences-a-deux-entreprises-de-placement-a-letranger\/","title":{"rendered":"La tutelle s\u00e9vit\u00a0: Retrait des licences \u00e0 deux entreprises de placement \u00e0 l\u2019\u00e9tranger"},"content":{"rendered":"<p>Le minist\u00e8re de la Formation professionnelle et de l\u2019Emploi a retir\u00e9 les licences d\u2019exercice \u00e0 \u00ab Tunisian source academy \u00bb et \u00ab Luna manpower \u00bb, actives dans le domaine de l\u2019emploi \u00e0 l\u2019\u00e9tranger, pour plusieurs d\u00e9passements dont l\u2019obtention d\u2019importantes sommes d\u2019argent sans prestation de services, indique le minist\u00e8re de l\u2019Emploi dans un communiqu\u00e9 publi\u00e9, mardi. Dans une d\u00e9claration, le directeur g\u00e9n\u00e9ral de l\u2019Emploi \u00e0 l\u2019\u00e9tranger et de la main-d\u2019\u0153uvre \u00e9trang\u00e8re au minist\u00e8re de la Formation professionnelle et de l\u2019Emploi, Ahmed Massaoudi, a indiqu\u00e9 que son d\u00e9partement a interdit aux deux institutions en question de reprendre toutes activit\u00e9s, soulignant qu\u2019elles ont transgress\u00e9 le cadre juridique r\u00e9gissant la pratique de cette activit\u00e9 conform\u00e9ment au d\u00e9cret n\u00b0 2948 de novembre 2010. Le d\u00e9cret en question stipule que les services fournis aux demandeurs d\u2019emploi sont gratuits, \u00ab alors que les deux institutions avaient re\u00e7u une contrepartie financi\u00e8re consid\u00e9rable en guise de frais d\u2019inscription, pour des postes d\u2019emploi factices \u00e0 l\u2019\u00e9tranger \u00bb, selon la m\u00eame source.<\/p>\n<p class=\"dpsp-share-text\">Partager c&rsquo;est aimer!<\/p>\n<div class=\"wp-post-author-wrap wp-post-author-shortcode left\">\n<h3 class=\"awpa-title\"\/>\n<div class=\"wp-post-author\">\n<div class=\"awpa-img awpa-author-block square\"><a href=\"http:\/\/lexpertjournal.net\/fr\/author\/expert\/\"><img loading=\"lazy\" decoding=\"async\" alt=\"\" src=\"http:\/\/0.gravatar.com\/avatar\/c828f0b17d24309f0d01a4eac3747085?s=150&#038;d=mm&#038;r=g\" srcset=\"http:\/\/0.gravatar.com\/avatar\/c828f0b17d24309f0d01a4eac3747085?s=300&#038;d=mm&#038;r=g 2x\" class=\"avatar avatar-150 photo\" height=\"150\" width=\"150\"\/><\/a><\/div>\n<\/div>\n<\/div>\n<p>Auteur: L&rsquo;expert<br \/>\n<a href=\"http:\/\/lexpertjournal.net\/fr\/2019\/12\/18\/la-tutelle-sevit-retrait-des-licences-a-deux-entreprises-de-placement-a-letranger\/\">Cliquez ici pour lire l&rsquo;article depuis sa source.<\/a><\/p>\n","protected":false},"excerpt":{"rendered":"<p>Le minist\u00e8re de la Formation professionnelle et de l\u2019Emploi a retir\u00e9 les licences d\u2019exercice \u00e0 \u00ab Tunisian source academy \u00bb et \u00ab Luna manpower \u00bb, actives dans le domaine de l\u2019emploi \u00e0 l\u2019\u00e9tranger, pour plusieurs d\u00e9passements dont l\u2019obtention d\u2019importantes sommes d\u2019argent sans prestation de services, indique le minist\u00e8re de l\u2019Emploi dans un communiqu\u00e9 publi\u00e9, mardi. [&hellip;]<\/p>\n","protected":false},"author":1775,"featured_media":0,"comment_status":"closed","ping_status":"closed","sticky":false,"template":"","format":"standard","meta":{"fifu_image_url":"","fifu_image_alt":"","footnotes":""},"categories":[78,55],"tags":[],"class_list":["post-70575","post","type-post","status-publish","format-standard","hentry","category-economie","category-tunisie"],"_links":{"self":[{"href":"https:\/\/linitiative.ca\/International\/wp-json\/wp\/v2\/posts\/70575","targetHints":{"allow":["GET"]}}],"collection":[{"href":"https:\/\/linitiative.ca\/International\/wp-json\/wp\/v2\/posts"}],"about":[{"href":"https:\/\/linitiative.ca\/International\/wp-json\/wp\/v2\/types\/post"}],"author":[{"embeddable":true,"href":"https:\/\/linitiative.ca\/International\/wp-json\/wp\/v2\/users\/1775"}],"replies":[{"embeddable":true,"href":"https:\/\/linitiative.ca\/International\/wp-json\/wp\/v2\/comments?post=70575"}],"version-history":[{"count":0,"href":"https:\/\/linitiative.ca\/International\/wp-json\/wp\/v2\/posts\/70575\/revisions"}],"wp:attachment":[{"href":"https:\/\/linitiative.ca\/International\/wp-json\/wp\/v2\/media?parent=70575"}],"wp:term":[{"taxonomy":"category","embeddable":true,"href":"https:\/\/linitiative.ca\/International\/wp-json\/wp\/v2\/categories?post=70575"},{"taxonomy":"post_tag","embeddable":true,"href":"https:\/\/linitiative.ca\/International\/wp-json\/wp\/v2\/tags?post=70575"}],"curies":[{"name":"wp","href":"https:\/\/api.w.org\/{rel}","templated":true}]}}