{"id":70576,"date":"2019-12-18T07:41:24","date_gmt":"2019-12-18T12:41:24","guid":{"rendered":"https:\/\/linitiative.ca\/International\/avec-une-composition-inachevee-accord-sur-la-composition-des-commissions-parlementaires\/"},"modified":"2019-12-18T07:41:24","modified_gmt":"2019-12-18T12:41:24","slug":"avec-une-composition-inachevee-accord-sur-la-composition-des-commissions-parlementaires","status":"publish","type":"post","link":"https:\/\/linitiative.ca\/International\/avec-une-composition-inachevee-accord-sur-la-composition-des-commissions-parlementaires\/","title":{"rendered":"Avec une composition inachev\u00e9e\u00a0: Accord sur la composition des commissions parlementaires"},"content":{"rendered":"<p>Le bureau de l\u2019Assembl\u00e9e des Repr\u00e9sentants du peuple, r\u00e9uni mardi apr\u00e8s-midi, a ent\u00e9rin\u00e9 la composition des commissions permanentes et sp\u00e9ciales. Ses membres ont appel\u00e9 \u00e0 la n\u00e9cessit\u00e9 de compl\u00e9ter la composition du reste des commissions dont les groupes parlementaires n\u2019ont pas encore propos\u00e9 de candidats. A noter aussi que la composition de la commission d\u2019enqu\u00eate sur l\u2019accident de Amdoun dans le gouvernorat de B\u00e9ja sera annonc\u00e9e demain mercredi en pl\u00e9ni\u00e8re. Par ailleurs, les membres du bureau ont adress\u00e9 des questions \u00e9crites \u00e0 certains membres du gouvernement, apprend-on dans un communiqu\u00e9 de la pr\u00e9sidence du parlement. Les commissions parlementaires sont form\u00e9es de vingt-deux (22) membres. Les si\u00e8ges des commissions sont distribu\u00e9s proportionnellement \u00e0 la repr\u00e9sentation des blocs parlementaires, selon le r\u00e8glement int\u00e9rieur de l\u2019ARP. Le Bureau de l\u2019Assembl\u00e9e fixe, en pr\u00e9sence des pr\u00e9sidents des blocs, le nombre de si\u00e8ges revenant \u00e0 chaque bloc parlementaire. Art. 65 \u2013 Les candidatures pour l\u2019adh\u00e9sion aux commissions sont soumises, dans les d\u00e9lais impartis, au Pr\u00e9sident de l\u2019Assembl\u00e9e et \u00e0 la cl\u00f4ture du d\u00e9p\u00f4t des candidatures, le Bureau de l\u2019Assembl\u00e9e se r\u00e9unit en pr\u00e9sence des pr\u00e9sidents des blocs parlementaires, et arr\u00eate la liste des candidats aux si\u00e8ges des commissions dans les limites des quotas r\u00e9serv\u00e9s \u00e0 chaque bloc et en prenant en consid\u00e9ration les candidatures des membres n\u2019appartenant \u00e0 aucun bloc. L\u2019Assembl\u00e9e tient une s\u00e9ance pl\u00e9ni\u00e8re pour annoncer la composition des commissions. Elles sont publi\u00e9es sur le site \u00e9lectronique de l\u2019Assembl\u00e9e. Kasserine : Six espaces industriels pour investisseurs priv\u00e9s Le conseil r\u00e9gional de Kasserine a approuv\u00e9 la location de 6 espaces industriels pour des investisseurs priv\u00e9s. Il s\u2019agit du premier lot d\u2019espaces am\u00e9nag\u00e9s et programm\u00e9s dans le cadre de l\u2019impulsion de l\u2019initiative \u00e9conomique priv\u00e9e dans la r\u00e9gion. Ces espaces sont r\u00e9partis sur les d\u00e9l\u00e9gations de Ha\u00efdra (deux espaces), Jedliane (deux espaces), Ezzouhour (un espace) et de Hassi El Frid (un espace), lit-on sur la page officielle du gouvernorat de Kasserine. Les espaces seront exploit\u00e9s dans diff\u00e9rentes activit\u00e9s li\u00e9es aux secteurs du textile- habillement, de la p\u00e2tisserie et des produits d\u2019hygi\u00e8ne. Ces activit\u00e9s vont g\u00e9n\u00e9rer des emplois pour 300 ouvriers et ouvri\u00e8res. Selon le gouverneur de la Kasserine Mohamed Samcha, cette initiative s\u2019inscrit dans le cadre des mesures urgentes d\u00e9cid\u00e9es pour am\u00e9liorer les conditions de vie des habitants dans les zones rurales \u00e0 travers leur encouragement \u00e0 valoriser leurs activit\u00e9s et \u00e0 s\u2019ins\u00e9rer dans le circuit \u00e9conomique.<\/p>\n<p class=\"dpsp-share-text\">Partager c&rsquo;est aimer!<\/p>\n<div class=\"wp-post-author-wrap wp-post-author-shortcode left\">\n<h3 class=\"awpa-title\"\/>\n<div class=\"wp-post-author\">\n<div class=\"awpa-img awpa-author-block square\"><a href=\"http:\/\/lexpertjournal.net\/fr\/author\/expert\/\"><img loading=\"lazy\" decoding=\"async\" alt=\"\" src=\"http:\/\/0.gravatar.com\/avatar\/c828f0b17d24309f0d01a4eac3747085?s=150&#038;d=mm&#038;r=g\" srcset=\"http:\/\/0.gravatar.com\/avatar\/c828f0b17d24309f0d01a4eac3747085?s=300&#038;d=mm&#038;r=g 2x\" class=\"avatar avatar-150 photo\" height=\"150\" width=\"150\"\/><\/a><\/div>\n<\/div>\n<\/div>\n<p>Auteur: L&rsquo;expert<br \/>\n<a href=\"http:\/\/lexpertjournal.net\/fr\/2019\/12\/18\/avec-une-composition-inachevee-accord-sur-la-composition-des-commissions-parlementaires\/\">Cliquez ici pour lire l&rsquo;article depuis sa source.<\/a><\/p>\n","protected":false},"excerpt":{"rendered":"<p>Le bureau de l\u2019Assembl\u00e9e des Repr\u00e9sentants du peuple, r\u00e9uni mardi apr\u00e8s-midi, a ent\u00e9rin\u00e9 la composition des commissions permanentes et sp\u00e9ciales. Ses membres ont appel\u00e9 \u00e0 la n\u00e9cessit\u00e9 de compl\u00e9ter la composition du reste des commissions dont les groupes parlementaires n\u2019ont pas encore propos\u00e9 de candidats. A noter aussi que la composition de la commission d\u2019enqu\u00eate [&hellip;]<\/p>\n","protected":false},"author":1775,"featured_media":0,"comment_status":"closed","ping_status":"closed","sticky":false,"template":"","format":"standard","meta":{"fifu_image_url":"","fifu_image_alt":"","footnotes":""},"categories":[78,55],"tags":[],"class_list":["post-70576","post","type-post","status-publish","format-standard","hentry","category-economie","category-tunisie"],"_links":{"self":[{"href":"https:\/\/linitiative.ca\/International\/wp-json\/wp\/v2\/posts\/70576","targetHints":{"allow":["GET"]}}],"collection":[{"href":"https:\/\/linitiative.ca\/International\/wp-json\/wp\/v2\/posts"}],"about":[{"href":"https:\/\/linitiative.ca\/International\/wp-json\/wp\/v2\/types\/post"}],"author":[{"embeddable":true,"href":"https:\/\/linitiative.ca\/International\/wp-json\/wp\/v2\/users\/1775"}],"replies":[{"embeddable":true,"href":"https:\/\/linitiative.ca\/International\/wp-json\/wp\/v2\/comments?post=70576"}],"version-history":[{"count":0,"href":"https:\/\/linitiative.ca\/International\/wp-json\/wp\/v2\/posts\/70576\/revisions"}],"wp:attachment":[{"href":"https:\/\/linitiative.ca\/International\/wp-json\/wp\/v2\/media?parent=70576"}],"wp:term":[{"taxonomy":"category","embeddable":true,"href":"https:\/\/linitiative.ca\/International\/wp-json\/wp\/v2\/categories?post=70576"},{"taxonomy":"post_tag","embeddable":true,"href":"https:\/\/linitiative.ca\/International\/wp-json\/wp\/v2\/tags?post=70576"}],"curies":[{"name":"wp","href":"https:\/\/api.w.org\/{rel}","templated":true}]}}