{"id":70577,"date":"2019-12-18T07:43:11","date_gmt":"2019-12-18T12:43:11","guid":{"rendered":"https:\/\/linitiative.ca\/International\/art-et-tradition-journees-de-lartisan-20-au-22-decembre-2019-a-sousse\/"},"modified":"2019-12-18T07:43:11","modified_gmt":"2019-12-18T12:43:11","slug":"art-et-tradition-journees-de-lartisan-20-au-22-decembre-2019-a-sousse","status":"publish","type":"post","link":"https:\/\/linitiative.ca\/International\/art-et-tradition-journees-de-lartisan-20-au-22-decembre-2019-a-sousse\/","title":{"rendered":"Art et tradition\u00a0: Journ\u00e9es de l\u2019Artisan (20 au 22 d\u00e9cembre 2019) \u00e0 Sousse"},"content":{"rendered":"<p>La 5\u00e8me \u00e9dition des \u00ab Journ\u00e9es de l\u2019Artisan \u00bb sera organis\u00e9e du 20 au 22 d\u00e9cembre 2019, \u00e0 Sousse, \u00e0 l\u2019initiative de la d\u00e9l\u00e9gation r\u00e9gionale de l\u2019Office de l\u2019Artisanat en partenariat avec l\u2019association Art et tradition. Un espace Artisanat sera am\u00e9nag\u00e9 et anim\u00e9 par 40 exposants venus des diff\u00e9rentes r\u00e9gions de la Tunisie, pour pr\u00e9senter une vari\u00e9t\u00e9 des produits : habillement, accessoires, bijoux, produits de terroir, cosm\u00e9tiques bio artisanaux, d\u00e9coration\u2026. Les organisateurs vont am\u00e9nager un espace enfants, avec au programme des ateliers de maquillages, de peinture, de moulage de p\u00e2tes, de calligraphie\u2026 Un parc de jeux gonflables sera, de m\u00eame, mis en place, avec un programme d\u2019animation (clowns, jeux et danse).<\/p>\n<p class=\"dpsp-share-text\">Partager c&rsquo;est aimer!<\/p>\n<div class=\"wp-post-author-wrap wp-post-author-shortcode left\">\n<h3 class=\"awpa-title\"\/>\n<div class=\"wp-post-author\">\n<div class=\"awpa-img awpa-author-block square\"><a href=\"http:\/\/lexpertjournal.net\/fr\/author\/expert\/\"><img loading=\"lazy\" decoding=\"async\" alt=\"\" src=\"http:\/\/0.gravatar.com\/avatar\/c828f0b17d24309f0d01a4eac3747085?s=150&#038;d=mm&#038;r=g\" srcset=\"http:\/\/0.gravatar.com\/avatar\/c828f0b17d24309f0d01a4eac3747085?s=300&#038;d=mm&#038;r=g 2x\" class=\"avatar avatar-150 photo\" height=\"150\" width=\"150\"\/><\/a><\/div>\n<\/div>\n<\/div>\n<p>Auteur: L&rsquo;expert<br \/>\n<a href=\"http:\/\/lexpertjournal.net\/fr\/2019\/12\/18\/art-et-tradition-journees-de-lartisan-20-au-22-decembre-2019-a-sousse\/\">Cliquez ici pour lire l&rsquo;article depuis sa source.<\/a><\/p>\n","protected":false},"excerpt":{"rendered":"<p>La 5\u00e8me \u00e9dition des \u00ab Journ\u00e9es de l\u2019Artisan \u00bb sera organis\u00e9e du 20 au 22 d\u00e9cembre 2019, \u00e0 Sousse, \u00e0 l\u2019initiative de la d\u00e9l\u00e9gation r\u00e9gionale de l\u2019Office de l\u2019Artisanat en partenariat avec l\u2019association Art et tradition. Un espace Artisanat sera am\u00e9nag\u00e9 et anim\u00e9 par 40 exposants venus des diff\u00e9rentes r\u00e9gions de la Tunisie, pour pr\u00e9senter [&hellip;]<\/p>\n","protected":false},"author":1775,"featured_media":0,"comment_status":"closed","ping_status":"closed","sticky":false,"template":"","format":"standard","meta":{"fifu_image_url":"","fifu_image_alt":"","footnotes":""},"categories":[78,55],"tags":[],"class_list":["post-70577","post","type-post","status-publish","format-standard","hentry","category-economie","category-tunisie"],"_links":{"self":[{"href":"https:\/\/linitiative.ca\/International\/wp-json\/wp\/v2\/posts\/70577","targetHints":{"allow":["GET"]}}],"collection":[{"href":"https:\/\/linitiative.ca\/International\/wp-json\/wp\/v2\/posts"}],"about":[{"href":"https:\/\/linitiative.ca\/International\/wp-json\/wp\/v2\/types\/post"}],"author":[{"embeddable":true,"href":"https:\/\/linitiative.ca\/International\/wp-json\/wp\/v2\/users\/1775"}],"replies":[{"embeddable":true,"href":"https:\/\/linitiative.ca\/International\/wp-json\/wp\/v2\/comments?post=70577"}],"version-history":[{"count":0,"href":"https:\/\/linitiative.ca\/International\/wp-json\/wp\/v2\/posts\/70577\/revisions"}],"wp:attachment":[{"href":"https:\/\/linitiative.ca\/International\/wp-json\/wp\/v2\/media?parent=70577"}],"wp:term":[{"taxonomy":"category","embeddable":true,"href":"https:\/\/linitiative.ca\/International\/wp-json\/wp\/v2\/categories?post=70577"},{"taxonomy":"post_tag","embeddable":true,"href":"https:\/\/linitiative.ca\/International\/wp-json\/wp\/v2\/tags?post=70577"}],"curies":[{"name":"wp","href":"https:\/\/api.w.org\/{rel}","templated":true}]}}