{"id":70578,"date":"2019-12-18T07:46:53","date_gmt":"2019-12-18T12:46:53","guid":{"rendered":"https:\/\/linitiative.ca\/International\/lutica-simpatiente-appel-a-liberer-linvestissement-et-a-developper-linfrastructure\/"},"modified":"2019-12-18T07:46:53","modified_gmt":"2019-12-18T12:46:53","slug":"lutica-simpatiente-appel-a-liberer-linvestissement-et-a-developper-linfrastructure","status":"publish","type":"post","link":"https:\/\/linitiative.ca\/International\/lutica-simpatiente-appel-a-liberer-linvestissement-et-a-developper-linfrastructure\/","title":{"rendered":"L\u2019UTICA s\u2019impatiente\u00a0: Appel \u00e0 lib\u00e9rer l\u2019investissement et \u00e0 d\u00e9velopper l\u2019infrastructure"},"content":{"rendered":"<p>Le pr\u00e9sident de l\u2019UTICA, Samir Majoul a soulign\u00e9 l\u2019imp\u00e9ratif de lib\u00e9rer l\u2019investissement, d\u00e9velopper l\u2019infrastructure, faciliter les proc\u00e9dures administratives, et trouver des solutions aux projets bloqu\u00e9s pour encourager les investisseurs \u00e0 s\u2019implanter dans les r\u00e9gions int\u00e9rieures. Majoul a pris part, aux c\u00f4t\u00e9s de plusieurs personnalit\u00e9s nationales et \u00e9trang\u00e8res, ainsi que de repr\u00e9sentants d\u2019organisations, \u00e0 une c\u00e9r\u00e9monie organis\u00e9e \u00e0 Sidi Bouzid, \u00e0 l\u2019occasion de la c\u00e9l\u00e9bration de l\u2019anniversaire du d\u00e9clenchement de la r\u00e9volution tunisienne, le 17 d\u00e9cembre 2010. Selon un communiqu\u00e9 publi\u00e9 par l\u2019organisation patronale, Majoul a appel\u00e9 dans une allocution prononc\u00e9e \u00e0 cette occasion, \u00e0 mettre en place un programme pour les entreprises en difficult\u00e9 et propos\u00e9 aux banques tunisiennes de mettre en \u0153uvre des m\u00e9canismes permettant aux jeunes de cr\u00e9er, de d\u00e9velopper leurs propres projets et de contribuer \u00e0 la cr\u00e9ation des emplois. D\u2019apr\u00e8s Majoul, l\u2019Etat doit fournir les garanties aux \u00e9tablissements bancaires pour que les jeunes puissent b\u00e9n\u00e9ficier des financements n\u00e9cessaires pour pouvoir cr\u00e9er leurs projets Il a soulign\u00e9 l\u2019imp\u00e9ratif d\u2019assurer une vie digne et de concr\u00e9tiser le principe de la discrimination positive dans les r\u00e9gions int\u00e9rieures, en r\u00e9habilitant la valeur du travail et l\u2019initiative priv\u00e9e, faisant remarquer que le secteur priv\u00e9 n\u2019\u00e9pargne aucun effort pour investir dans les r\u00e9gions int\u00e9rieures. Majoul a mis l\u2019accent sur l\u2019imp\u00e9ratif de solutionner les probl\u00e9matiques li\u00e9es aux terres domaniales d\u00e9laiss\u00e9es ou non exploit\u00e9es efficacement, dans le cadre de la transparence et de la bonne gouvernance, pour que les jeunes du gouvernorat de Sidi Bouzid et d\u2019autres r\u00e9gions, puissent en profiter. Le pr\u00e9sident de l\u2019organisation patronale a soulign\u00e9 que les comp\u00e9tences humaines sont sous- exploit\u00e9es dans le gouvernorat de Sidi Bouzid, notamment dans les domaines de l\u2019agriculture et de l\u2019industrie, estimant que ces comp\u00e9tences sont en mesure de faire de la r\u00e9gion, un p\u00f4le de d\u00e9veloppement et un mod\u00e8le pour les syst\u00e8mes agricole et agroalimentaire int\u00e9gr\u00e9s. Majoul a exprim\u00e9 ses regrets de voir la r\u00e9gion, ne pas parvenir \u00e0 \u00bb r\u00e9aliser d\u2019importants progr\u00e8s \u00e9conomiques, neuf ans apr\u00e8s la r\u00e9volution, en raison de la faible attention accord\u00e9e \u00e0 l\u2019\u00e9conomie et au d\u00e9veloppement \u00bb. Concernant la poursuite des pourparlers pour la formation du le nouveau gouvernement, Majoul a soulign\u00e9 l\u2019imp\u00e9ratif de prendre en consid\u00e9ration le crit\u00e8re de la comp\u00e9tence dans le choix de l\u2019\u00e9quipe gouvernementale.<\/p>\n<p class=\"dpsp-share-text\">Partager c&rsquo;est aimer!<\/p>\n<div class=\"wp-post-author-wrap wp-post-author-shortcode left\">\n<h3 class=\"awpa-title\"\/>\n<div class=\"wp-post-author\">\n<div class=\"awpa-img awpa-author-block square\"><a href=\"http:\/\/lexpertjournal.net\/fr\/author\/expert\/\"><img loading=\"lazy\" decoding=\"async\" alt=\"\" src=\"http:\/\/0.gravatar.com\/avatar\/c828f0b17d24309f0d01a4eac3747085?s=150&#038;d=mm&#038;r=g\" srcset=\"http:\/\/0.gravatar.com\/avatar\/c828f0b17d24309f0d01a4eac3747085?s=300&#038;d=mm&#038;r=g 2x\" class=\"avatar avatar-150 photo\" height=\"150\" width=\"150\"\/><\/a><\/div>\n<\/div>\n<\/div>\n<p>Auteur: L&rsquo;expert<br \/>\n<a href=\"http:\/\/lexpertjournal.net\/fr\/2019\/12\/18\/lutica-simpatiente-appel-a-liberer-linvestissement-et-a-developper-linfrastructure\/\">Cliquez ici pour lire l&rsquo;article depuis sa source.<\/a><\/p>\n","protected":false},"excerpt":{"rendered":"<p>Le pr\u00e9sident de l\u2019UTICA, Samir Majoul a soulign\u00e9 l\u2019imp\u00e9ratif de lib\u00e9rer l\u2019investissement, d\u00e9velopper l\u2019infrastructure, faciliter les proc\u00e9dures administratives, et trouver des solutions aux projets bloqu\u00e9s pour encourager les investisseurs \u00e0 s\u2019implanter dans les r\u00e9gions int\u00e9rieures. Majoul a pris part, aux c\u00f4t\u00e9s de plusieurs personnalit\u00e9s nationales et \u00e9trang\u00e8res, ainsi que de repr\u00e9sentants d\u2019organisations, \u00e0 une c\u00e9r\u00e9monie [&hellip;]<\/p>\n","protected":false},"author":1775,"featured_media":0,"comment_status":"closed","ping_status":"closed","sticky":false,"template":"","format":"standard","meta":{"fifu_image_url":"","fifu_image_alt":"","footnotes":""},"categories":[78,55],"tags":[],"class_list":["post-70578","post","type-post","status-publish","format-standard","hentry","category-economie","category-tunisie"],"_links":{"self":[{"href":"https:\/\/linitiative.ca\/International\/wp-json\/wp\/v2\/posts\/70578","targetHints":{"allow":["GET"]}}],"collection":[{"href":"https:\/\/linitiative.ca\/International\/wp-json\/wp\/v2\/posts"}],"about":[{"href":"https:\/\/linitiative.ca\/International\/wp-json\/wp\/v2\/types\/post"}],"author":[{"embeddable":true,"href":"https:\/\/linitiative.ca\/International\/wp-json\/wp\/v2\/users\/1775"}],"replies":[{"embeddable":true,"href":"https:\/\/linitiative.ca\/International\/wp-json\/wp\/v2\/comments?post=70578"}],"version-history":[{"count":0,"href":"https:\/\/linitiative.ca\/International\/wp-json\/wp\/v2\/posts\/70578\/revisions"}],"wp:attachment":[{"href":"https:\/\/linitiative.ca\/International\/wp-json\/wp\/v2\/media?parent=70578"}],"wp:term":[{"taxonomy":"category","embeddable":true,"href":"https:\/\/linitiative.ca\/International\/wp-json\/wp\/v2\/categories?post=70578"},{"taxonomy":"post_tag","embeddable":true,"href":"https:\/\/linitiative.ca\/International\/wp-json\/wp\/v2\/tags?post=70578"}],"curies":[{"name":"wp","href":"https:\/\/api.w.org\/{rel}","templated":true}]}}