{"id":70579,"date":"2019-12-18T09:39:02","date_gmt":"2019-12-18T14:39:02","guid":{"rendered":"https:\/\/linitiative.ca\/International\/tous-les-medicaments-contenant-de-libuprofene-de-laspirine-ou-du-paracetamol-ne-seront-plus-en-acces-libre-en-france-a-partir-de-2020\/"},"modified":"2019-12-18T09:39:02","modified_gmt":"2019-12-18T14:39:02","slug":"tous-les-medicaments-contenant-de-libuprofene-de-laspirine-ou-du-paracetamol-ne-seront-plus-en-acces-libre-en-france-a-partir-de-2020","status":"publish","type":"post","link":"https:\/\/linitiative.ca\/International\/tous-les-medicaments-contenant-de-libuprofene-de-laspirine-ou-du-paracetamol-ne-seront-plus-en-acces-libre-en-france-a-partir-de-2020\/","title":{"rendered":"Tous les m\u00e9dicaments contenant de l\u2019ibuprof\u00e8ne, de l\u2019aspirine ou du parac\u00e9tamol ne seront plus en acc\u00e8s libre en France \u00e0 partir de 2020."},"content":{"rendered":"<p>Cette mesure publi\u00e9e par l\u2019agence nationale fran\u00e7aise de s\u00e9curit\u00e9 du m\u00e9dicament et des produits de sant\u00e9 \u00ab ASNM \u00bb, ce 17 d\u00e9cembre 2019, ne veut pas dire qu\u2019il faut une ordonnance pour obtenir ces m\u00e9dicaments. Ceux-ci doivent \u00eatre obligatoirement rang\u00e9s derri\u00e8re le comptoir des pharmacies, et seul le pharmacien pourra les remettre aux patients.\u00a0<br \/>\u00ab Cette mesure s\u2019inscrit pour s\u00e9curiser l\u2019utilisation de ces m\u00e9dicaments, notamment l\u2019arriv\u00e9e dons les prochains mois d\u2019un message sur les bo\u00eetes des m\u00e9dicaments contenant du parac\u00e9tamol, afin\u00a0 d\u2019alerter sur le risque pour le foie en cas de surdosage \u00ab \u00e9crit l\u2019ANSM dons son communiqu\u00e9.\u00a0<br \/>En effet,\u00a0 avertit la ANSM, un mauvais usage comporte des risques. Pris \u00e0 des doses trop \u00e9lev\u00e9es,\u00a0 le parac\u00e9tamol peut provoquer de graves l\u00e9sions du foie,\u00a0 qui peuvent n\u00e9cessiter une greffe, voire \u00eatre mortelles comme certains cas survenus chez plusieurs personnes en France.\u00a0<\/p>\n<p class=\"c1\">Ben Hmida Marwen<\/p>\n<p class=\"dpsp-share-text\">Partager c&rsquo;est aimer!<\/p>\n<div class=\"wp-post-author-wrap wp-post-author-shortcode left\">\n<h3 class=\"awpa-title\"\/>\n<div class=\"wp-post-author\">\n<div class=\"awpa-img awpa-author-block square\"><a href=\"http:\/\/lexpertjournal.net\/fr\/author\/expert\/\"><img loading=\"lazy\" decoding=\"async\" alt=\"\" src=\"http:\/\/0.gravatar.com\/avatar\/c828f0b17d24309f0d01a4eac3747085?s=150&#038;d=mm&#038;r=g\" srcset=\"http:\/\/0.gravatar.com\/avatar\/c828f0b17d24309f0d01a4eac3747085?s=300&#038;d=mm&#038;r=g 2x\" class=\"avatar avatar-150 photo\" height=\"150\" width=\"150\"\/><\/a><\/div>\n<\/div>\n<\/div>\n<p>Auteur: L&rsquo;expert<br \/>\n<a href=\"http:\/\/lexpertjournal.net\/fr\/2019\/12\/18\/tous-les-medicaments-contenant-de-libuprofene-de-laspirine-ou-du-paracetamol-ne-seront-plus-en-acces-libre-en-france-a-partir-de-2020\/\">Cliquez ici pour lire l&rsquo;article depuis sa source.<\/a><\/p>\n","protected":false},"excerpt":{"rendered":"<p>Cette mesure publi\u00e9e par l\u2019agence nationale fran\u00e7aise de s\u00e9curit\u00e9 du m\u00e9dicament et des produits de sant\u00e9 \u00ab ASNM \u00bb, ce 17 d\u00e9cembre 2019, ne veut pas dire qu\u2019il faut une ordonnance pour obtenir ces m\u00e9dicaments. Ceux-ci doivent \u00eatre obligatoirement rang\u00e9s derri\u00e8re le comptoir des pharmacies, et seul le pharmacien pourra les remettre aux patients.\u00a0\u00ab Cette [&hellip;]<\/p>\n","protected":false},"author":1775,"featured_media":0,"comment_status":"closed","ping_status":"closed","sticky":false,"template":"","format":"standard","meta":{"fifu_image_url":"","fifu_image_alt":"","footnotes":""},"categories":[78,55],"tags":[],"class_list":["post-70579","post","type-post","status-publish","format-standard","hentry","category-economie","category-tunisie"],"_links":{"self":[{"href":"https:\/\/linitiative.ca\/International\/wp-json\/wp\/v2\/posts\/70579","targetHints":{"allow":["GET"]}}],"collection":[{"href":"https:\/\/linitiative.ca\/International\/wp-json\/wp\/v2\/posts"}],"about":[{"href":"https:\/\/linitiative.ca\/International\/wp-json\/wp\/v2\/types\/post"}],"author":[{"embeddable":true,"href":"https:\/\/linitiative.ca\/International\/wp-json\/wp\/v2\/users\/1775"}],"replies":[{"embeddable":true,"href":"https:\/\/linitiative.ca\/International\/wp-json\/wp\/v2\/comments?post=70579"}],"version-history":[{"count":0,"href":"https:\/\/linitiative.ca\/International\/wp-json\/wp\/v2\/posts\/70579\/revisions"}],"wp:attachment":[{"href":"https:\/\/linitiative.ca\/International\/wp-json\/wp\/v2\/media?parent=70579"}],"wp:term":[{"taxonomy":"category","embeddable":true,"href":"https:\/\/linitiative.ca\/International\/wp-json\/wp\/v2\/categories?post=70579"},{"taxonomy":"post_tag","embeddable":true,"href":"https:\/\/linitiative.ca\/International\/wp-json\/wp\/v2\/tags?post=70579"}],"curies":[{"name":"wp","href":"https:\/\/api.w.org\/{rel}","templated":true}]}}