{"id":70582,"date":"2019-12-18T13:04:28","date_gmt":"2019-12-18T18:04:28","guid":{"rendered":"https:\/\/linitiative.ca\/International\/des-cineastes-saluent-la-memoire-de-cherif-aggoune\/"},"modified":"2019-12-18T13:04:28","modified_gmt":"2019-12-18T18:04:28","slug":"des-cineastes-saluent-la-memoire-de-cherif-aggoune","status":"publish","type":"post","link":"https:\/\/linitiative.ca\/International\/des-cineastes-saluent-la-memoire-de-cherif-aggoune\/","title":{"rendered":"Des cin\u00e9astes saluent la m\u00e9moire de Cherif Aggoune"},"content":{"rendered":"<div readability=\"35\">\n<p><strong>ALGER &#8211; Le milieu du cin\u00e9ma auquel s&rsquo;est joint le ministre de la Culture a rendu hommage \u00e0 Cherif Aggoune d\u00e9c\u00e9d\u00e9 mardi \u00e0 l&rsquo;\u00e2ge de 68 ans \u00e0 Paris, regrettant la perte d&rsquo;un cin\u00e9aste engag\u00e9 et d&rsquo;un militant de la culture aux qualit\u00e9s av\u00e9r\u00e9es.<\/strong><\/p>\n<\/div>\n<div readability=\"79\">\n<p>Dans un message de condol\u00e9ances adress\u00e9 \u00e0 la famille du d\u00e9funt, le ministre de la Communication, porte-parole du Gouvernement et ministre de la Culture par int\u00e9rim, Hassane Rabehi, a salu\u00e9 le travail \u00ab\u00a0sinc\u00e8re et professionnel\u00a0\u00bb du d\u00e9funt au cin\u00e9ma comme \u00e0 la t\u00e9l\u00e9vision.<\/p>\n<p>Il a \u00e9galement soulign\u00e9 l&rsquo;apport de ce \u00ab\u00a0pionnier du cin\u00e9ma amazighophone\u00a0\u00bb par des \u0153uvres traitant des r\u00e9alit\u00e9s sociales et refl\u00e9tant des \u00e9tapes historiques importantes qu&rsquo;a travers\u00e9es l&rsquo;Alg\u00e9rie.<\/p>\n<p>La r\u00e9alisatrice Fatima Zohra Zamoum se dit afflig\u00e9e par la disparition d&rsquo;un \u00ab\u00a0homme d&rsquo;une grande g\u00e9n\u00e9rosit\u00e9 et d&rsquo;une grande culture\u00a0\u00bb.<\/p>\n<p>Des cin\u00e9astes comme Abdennour Zahzah, Said Mahdaoui ou encore Larbi Lekhal ont \u00e9galement salu\u00e9 les qualit\u00e9s humaines de Cherif Aggoune et son engagement, alors que le documentariste Malek Bensmail \u00e9voque \u00ab\u00a0une \u00e2me de po\u00e8te\u00a0\u00bb pour souligner les qualit\u00e9s humaines du disparu autant que sa grande sensiblit\u00e9 artistique.<\/p>\n<p>Pour sa part, la productrice Amina Bedjaoui Hadda a salu\u00e9 l&rsquo; \u00ab\u00a0engagement ind\u00e9fectible\u00a0\u00bb de Cherif Aggoune qui \u00ab\u00a0a toujours d\u00e9fendu les causes communes\u00a0\u00bb et exprim\u00e9 sa gratitude reconnaissance \u00e0 \u00ab\u00a0l&rsquo;ami (qui r\u00e9pondait) pr\u00e9sent pour une Alg\u00e9rie r\u00eav\u00e9e et pour le cin\u00e9ma\u00a0\u00bb.<\/p>\n<p>Plusieurs associations culturelles, dont \u00ab\u00a0Project&rsquo;heur\u00a0\u00bb, et des cin\u00e9-clubs ont \u00e9galement salu\u00e9 l&rsquo;apport du cin\u00e9aste \u00e0 leurs activit\u00e9s et son engagement \u00e0 leurs c\u00f4t\u00e9s.\u00a0<\/p>\n<p>N\u00e9 en 1951, Cherif Aggoune avait entam\u00e9 des \u00e9tudes de physique \u00e0 l\u2019universit\u00e9 d\u2019Alger qu\u2019il poursuivra en France, avant de s\u2019inscrire en 1978 \u00e0 l\u2019Ecole sup\u00e9rieur des \u00e9tudes cin\u00e9matographiques \u00e0 Paris.<\/p>\n<p>Il retourne en Alg\u00e9rie en 1981 pour int\u00e9grer la t\u00e9l\u00e9vision nationale en tant que premier assistant r\u00e9alisateur.<\/p>\n<p>En 1990, il r\u00e9alise le court m\u00e9trage \u00ab\u00a0Tagara Lejnun\u00a0\u00bb (La Fin des Djinns), un des premiers films en Tamazight, avant de revenir en 2013 avec son premier long m\u00e9trage \u00ab\u00a0L\u2019h\u00e9ro\u00efne\u00a0\u00bb, un drame familiale durant la d\u00e9cennies des violences terroristes.<\/p>\n<\/div>\n<p>Auteur:<br \/>\n<a href=\"http:\/\/www.aps.dz\/culture\/99122-des-cineastes-saluent-la-memoire-de-cherif-aggoune\">Cliquez ici pour lire l&rsquo;article depuis sa source.<\/a><\/p>\n","protected":false},"excerpt":{"rendered":"<p>ALGER &#8211; Le milieu du cin\u00e9ma auquel s&rsquo;est joint le ministre de la Culture a rendu hommage \u00e0 Cherif Aggoune d\u00e9c\u00e9d\u00e9 mardi \u00e0 l&rsquo;\u00e2ge de 68 ans \u00e0 Paris, regrettant la perte d&rsquo;un cin\u00e9aste engag\u00e9 et d&rsquo;un militant de la culture aux qualit\u00e9s av\u00e9r\u00e9es. Dans un message de condol\u00e9ances adress\u00e9 \u00e0 la famille du d\u00e9funt, [&hellip;]<\/p>\n","protected":false},"author":1790,"featured_media":0,"comment_status":"closed","ping_status":"closed","sticky":false,"template":"","format":"standard","meta":{"fifu_image_url":"","fifu_image_alt":"","footnotes":""},"categories":[53,79],"tags":[],"class_list":["post-70582","post","type-post","status-publish","format-standard","hentry","category-algerie","category-culture"],"_links":{"self":[{"href":"https:\/\/linitiative.ca\/International\/wp-json\/wp\/v2\/posts\/70582","targetHints":{"allow":["GET"]}}],"collection":[{"href":"https:\/\/linitiative.ca\/International\/wp-json\/wp\/v2\/posts"}],"about":[{"href":"https:\/\/linitiative.ca\/International\/wp-json\/wp\/v2\/types\/post"}],"author":[{"embeddable":true,"href":"https:\/\/linitiative.ca\/International\/wp-json\/wp\/v2\/users\/1790"}],"replies":[{"embeddable":true,"href":"https:\/\/linitiative.ca\/International\/wp-json\/wp\/v2\/comments?post=70582"}],"version-history":[{"count":0,"href":"https:\/\/linitiative.ca\/International\/wp-json\/wp\/v2\/posts\/70582\/revisions"}],"wp:attachment":[{"href":"https:\/\/linitiative.ca\/International\/wp-json\/wp\/v2\/media?parent=70582"}],"wp:term":[{"taxonomy":"category","embeddable":true,"href":"https:\/\/linitiative.ca\/International\/wp-json\/wp\/v2\/categories?post=70582"},{"taxonomy":"post_tag","embeddable":true,"href":"https:\/\/linitiative.ca\/International\/wp-json\/wp\/v2\/tags?post=70582"}],"curies":[{"name":"wp","href":"https:\/\/api.w.org\/{rel}","templated":true}]}}