{"id":70585,"date":"2019-12-18T10:40:00","date_gmt":"2019-12-18T15:40:00","guid":{"rendered":"https:\/\/linitiative.ca\/International\/un-detenu-libere-alger-quinze-autres-a-adrar\/"},"modified":"2019-12-18T10:40:00","modified_gmt":"2019-12-18T15:40:00","slug":"un-detenu-libere-alger-quinze-autres-a-adrar","status":"publish","type":"post","link":"https:\/\/linitiative.ca\/International\/un-detenu-libere-alger-quinze-autres-a-adrar\/","title":{"rendered":"Un d\u00e9tenu lib\u00e9r\u00e9 Alger, quinze autres \u00e0 Adrar"},"content":{"rendered":"<div id=\"originalText\" readability=\"52\">\n<p class=\"c6\">Le tribunal d\u2019Hussein Dey, \u00e0 Alger, a relax\u00e9, ce mercredi, Hamidou Garidi, 76 ans, arr\u00eat\u00e9 lors du 30e vendredi de marche, en septembre dernier.\u00a0<\/p>\n<p class=\"c6\">Quinze autres d\u00e9tenus d\u2019opinion ont \u00e9galement \u00e9t\u00e9 relax\u00e9s, aujourd\u2019hui, par le tribunal d\u2019Adrar.<\/p>\n<p class=\"c6\">Par ailleurs, le tribunal de D\u2019Hussein Dey, qui devait statuer aujourd\u2019hui sur la demande de libert\u00e9 provisoire introduite par la d\u00e9fense de Karim Tabou, a remis sa d\u00e9cision pour mercredi prochain.<\/p>\n<p class=\"c7\"><strong>R\u00e9daction Web<\/strong><\/p>\n<\/div>\n<div id=\"text_core\" readability=\"52\">\n<p class=\"c6\">Le tribunal d\u2019Hussein Dey, \u00e0 Alger, a relax\u00e9, ce mercredi, Hamidou Garidi, 76 ans, arr\u00eat\u00e9 lors du 30e vendredi de marche, en septembre dernier.\u00a0<\/p>\n<p class=\"c6\">Quinze autres d\u00e9tenus d\u2019opinion ont \u00e9galement \u00e9t\u00e9 relax\u00e9s, aujourd\u2019hui, par le tribunal d\u2019Adrar.<\/p>\n<p class=\"c6\">Par ailleurs, le tribunal de D\u2019Hussein Dey, qui devait statuer aujourd\u2019hui sur la demande de libert\u00e9 provisoire introduite par la d\u00e9fense de Karim Tabou, a remis sa d\u00e9cision pour mercredi prochain.<\/p>\n<p class=\"c7\"><strong>R\u00e9daction Web<\/strong><\/p>\n<\/div>\n<p>Auteur:<br \/>\n<a href=\"https:\/\/www.liberte-algerie.com\/actualite\/un-detenu-libere-alger-quinze-autres-a-adrar-330414\">Cliquez ici pour lire l&rsquo;article depuis sa source.<\/a><\/p>\n","protected":false},"excerpt":{"rendered":"<p>Le tribunal d\u2019Hussein Dey, \u00e0 Alger, a relax\u00e9, ce mercredi, Hamidou Garidi, 76 ans, arr\u00eat\u00e9 lors du 30e vendredi de marche, en septembre dernier.\u00a0 Quinze autres d\u00e9tenus d\u2019opinion ont \u00e9galement \u00e9t\u00e9 relax\u00e9s, aujourd\u2019hui, par le tribunal d\u2019Adrar. Par ailleurs, le tribunal de D\u2019Hussein Dey, qui devait statuer aujourd\u2019hui sur la demande de libert\u00e9 provisoire introduite [&hellip;]<\/p>\n","protected":false},"author":1742,"featured_media":0,"comment_status":"closed","ping_status":"closed","sticky":false,"template":"","format":"standard","meta":{"fifu_image_url":"","fifu_image_alt":"","footnotes":""},"categories":[73,53],"tags":[],"class_list":["post-70585","post","type-post","status-publish","format-standard","hentry","category-actualite","category-algerie"],"_links":{"self":[{"href":"https:\/\/linitiative.ca\/International\/wp-json\/wp\/v2\/posts\/70585","targetHints":{"allow":["GET"]}}],"collection":[{"href":"https:\/\/linitiative.ca\/International\/wp-json\/wp\/v2\/posts"}],"about":[{"href":"https:\/\/linitiative.ca\/International\/wp-json\/wp\/v2\/types\/post"}],"author":[{"embeddable":true,"href":"https:\/\/linitiative.ca\/International\/wp-json\/wp\/v2\/users\/1742"}],"replies":[{"embeddable":true,"href":"https:\/\/linitiative.ca\/International\/wp-json\/wp\/v2\/comments?post=70585"}],"version-history":[{"count":0,"href":"https:\/\/linitiative.ca\/International\/wp-json\/wp\/v2\/posts\/70585\/revisions"}],"wp:attachment":[{"href":"https:\/\/linitiative.ca\/International\/wp-json\/wp\/v2\/media?parent=70585"}],"wp:term":[{"taxonomy":"category","embeddable":true,"href":"https:\/\/linitiative.ca\/International\/wp-json\/wp\/v2\/categories?post=70585"},{"taxonomy":"post_tag","embeddable":true,"href":"https:\/\/linitiative.ca\/International\/wp-json\/wp\/v2\/tags?post=70585"}],"curies":[{"name":"wp","href":"https:\/\/api.w.org\/{rel}","templated":true}]}}