{"id":70586,"date":"2019-12-18T06:46:51","date_gmt":"2019-12-18T11:46:51","guid":{"rendered":"https:\/\/linitiative.ca\/International\/lexposition-toumliline-56-57-sous-les-feux-des-projecteurs\/"},"modified":"2019-12-18T06:46:51","modified_gmt":"2019-12-18T11:46:51","slug":"lexposition-toumliline-56-57-sous-les-feux-des-projecteurs","status":"publish","type":"post","link":"https:\/\/linitiative.ca\/International\/lexposition-toumliline-56-57-sous-les-feux-des-projecteurs\/","title":{"rendered":"L\u2019exposition \u00ab\u00a0Toumliline 56\/57\u00a0\u00bb sous les feux des projecteurs"},"content":{"rendered":"<div readability=\"36\">\n<p>Essaouira \u2013 L\u2019espace d\u2019exposition de Dar Souiri et l\u2019Institut Fran\u00e7ais d\u2019Essaouira (IFE) abritent simultan\u00e9ment jusqu\u2019au 10 janvier prochain, une exposition in\u00e9dite de photographies et de documents, baptis\u00e9e \u00ab\u00a0Toumliline 56\/57\u00a0\u00bb.<\/p>\n<\/div>\n<div readability=\"112\">\n<p>Organis\u00e9e en partenariat avec la Fondation M\u00e9moires pour l\u2019Avenir (FMA), l\u2019Association Essaouira-Mogador et l\u2019IFE, cette exposition donne \u00e0 voir et \u00e0 appr\u00e9cier une collection singuli\u00e8re de plusieurs dizaines de photographies, d\u2019extraits de discours de Feu Sa Majest\u00e9 Mohammed V et de documents.<\/p>\n<p>A travers ces documents et photographies, les visiteurs parmi les curieux et avides de conna\u00eetre une partie de l\u2019histoire du Royaume, auront \u00e0 d\u00e9couvrir des oeuvres in\u00e9dites relatant l\u2019esprit de Toumliline qui signifie en amazigh \u00ab\u00a0Pierres Blanches\u00a0\u00bb, en r\u00e9f\u00e9rence \u00e0 un monast\u00e8re chr\u00e9tien qui fut \u00e9difi\u00e9, sous le Protectorat fran\u00e7ais en 1952 dans le moyen Atlas, pr\u00e8s de la ville d\u2019Azrou.<\/p>\n<p>A l\u2019Ind\u00e9pendance, les moines furent autoris\u00e9s \u00e0 rester en raison de leur d\u00e9marche de dialogue, d\u2019accueil et de fraternit\u00e9 \u00e0 l\u2019\u00e9gard des autorit\u00e9s marocaines et de la population.<\/p>\n<p>Durant l\u2019ann\u00e9e, les moines mettaient \u00e0 la disposition des populations avoisinantes des biblioth\u00e8ques et un dispensaire, tout en faisant b\u00e9n\u00e9ficier des \u00e9tudiants venus de tous le Maroc, de cycle de cours de langues, de culture g\u00e9n\u00e9rale, outre de cycles de formation professionnelle.<\/p>\n<p>De 1956 \u00e0 1968, le monast\u00e8re a accueilli \u00ab\u00a0Les Rencontres Internationales\u00a0\u00bb de Toumliline qui avaient rassembl\u00e9 pour d\u00e9battre des personnes venues d\u2019Afrique, du monde arabe, d\u2019Asie, d\u2019Europe et d\u2019Am\u00e9rique, toutes confessions et opinions publiques confondues.<\/p>\n<p>La session de 1957 fut pr\u00e9sid\u00e9e par Feu Sa Majest\u00e9 Hassan II alors prince h\u00e9ritier, en intervenant sur l\u2019\u00e9mancipation de la femme marocaine.<\/p>\n<p>Lieu de d\u00e9bats politiques, sociaux et \u0153cum\u00e9niques et monast\u00e8re chr\u00e9tien en terre d\u2019islam ayant v\u00e9cu en bonne entente avec les populations locales et avec les institutions officielles, Toumliline accueillit une exp\u00e9rience qui t\u00e9moigne de la possibilit\u00e9 d\u2019ouvrir \u00e0 nouveau des espaces de dialogue sur les affaires de la cit\u00e9 et du citoyen \u00e0 port\u00e9e universelle.<\/p>\n<p>Cette exposition de port\u00e9e historique et documentaire ind\u00e9niable met en relief cette capacit\u00e9 et ce g\u00e9nie de Toumliline \u00e0 r\u00e9ussir une v\u00e9ritable prouesse : celle de rassembler en ses murs, sans distinction de religion ou de nationalit\u00e9, les esprits les plus ouverts et les plus prometteurs autour d\u2019une s\u00e9rie de conf\u00e9rences traitant de th\u00e9matiques comme la culture, le dialogue interreligieux, le f\u00e9minisme ou encore l\u2019\u00e9ducation.<\/p>\n<p>L\u2019exposition \u00ab\u00a0Toumliline 56\/57\u00a0\u00bb est un voyage passionnant et captivant au coeur des valeurs de tol\u00e9rance, de coexistence, d\u2019ouverture sur l\u2019autre, de convivialit\u00e9 et de partage. Bref, celles de l\u2019amiti\u00e9 et de la fraternit\u00e9 qui caract\u00e9risent toujours le Royaume.<\/p>\n<p>\u00ab\u00a0Les Rencontres Internationales\u00a0\u00bb de Toumliline ont montr\u00e9 avec \u00e9clat cette volont\u00e9 incontestable et cet engagement sans faille du Maroc de converger vers une soci\u00e9t\u00e9 plurielle fond\u00e9e sur la coexistence et le respect de l\u2019autre.<\/p>\n<p>A travers des documents d\u2019archives et des t\u00e9moignages, les Archives du Maroc et la Fondation M\u00e9moires pour l\u2019Avenir ont redonn\u00e9 vie \u00e0 ce beau projet sous forme d\u2019une exposition photographique pr\u00e9sent\u00e9e \u00e0 Rabat \u00e0 l\u2019automne 2015.<\/p>\n<p>A partir de 2016, l\u2019exposition \u00ab\u00a0Toumliline 56\/57\u00a0\u00bb a commenc\u00e9 sa tourn\u00e9e \u00e0 travers 11 sites de l\u2019Institut Fran\u00e7ais du Maroc et a \u00e9t\u00e9 envoy\u00e9e aussi \u00e0 Azrou.<\/p>\n<\/div>\n<p>Auteur: Meriem IGASS<br \/>\n<a href=\"http:\/\/www.mapmarrakech.ma\/fr\/exposition-2\/\">Cliquez ici pour lire l&rsquo;article depuis sa source.<\/a><\/p>\n","protected":false},"excerpt":{"rendered":"<p>Essaouira \u2013 L\u2019espace d\u2019exposition de Dar Souiri et l\u2019Institut Fran\u00e7ais d\u2019Essaouira (IFE) abritent simultan\u00e9ment jusqu\u2019au 10 janvier prochain, une exposition in\u00e9dite de photographies et de documents, baptis\u00e9e \u00ab\u00a0Toumliline 56\/57\u00a0\u00bb. Organis\u00e9e en partenariat avec la Fondation M\u00e9moires pour l\u2019Avenir (FMA), l\u2019Association Essaouira-Mogador et l\u2019IFE, cette exposition donne \u00e0 voir et \u00e0 appr\u00e9cier une collection singuli\u00e8re de [&hellip;]<\/p>\n","protected":false},"author":1788,"featured_media":0,"comment_status":"closed","ping_status":"closed","sticky":false,"template":"","format":"standard","meta":{"fifu_image_url":"","fifu_image_alt":"","footnotes":""},"categories":[54,76],"tags":[],"class_list":["post-70586","post","type-post","status-publish","format-standard","hentry","category-maroc","category-regions"],"_links":{"self":[{"href":"https:\/\/linitiative.ca\/International\/wp-json\/wp\/v2\/posts\/70586","targetHints":{"allow":["GET"]}}],"collection":[{"href":"https:\/\/linitiative.ca\/International\/wp-json\/wp\/v2\/posts"}],"about":[{"href":"https:\/\/linitiative.ca\/International\/wp-json\/wp\/v2\/types\/post"}],"author":[{"embeddable":true,"href":"https:\/\/linitiative.ca\/International\/wp-json\/wp\/v2\/users\/1788"}],"replies":[{"embeddable":true,"href":"https:\/\/linitiative.ca\/International\/wp-json\/wp\/v2\/comments?post=70586"}],"version-history":[{"count":0,"href":"https:\/\/linitiative.ca\/International\/wp-json\/wp\/v2\/posts\/70586\/revisions"}],"wp:attachment":[{"href":"https:\/\/linitiative.ca\/International\/wp-json\/wp\/v2\/media?parent=70586"}],"wp:term":[{"taxonomy":"category","embeddable":true,"href":"https:\/\/linitiative.ca\/International\/wp-json\/wp\/v2\/categories?post=70586"},{"taxonomy":"post_tag","embeddable":true,"href":"https:\/\/linitiative.ca\/International\/wp-json\/wp\/v2\/tags?post=70586"}],"curies":[{"name":"wp","href":"https:\/\/api.w.org\/{rel}","templated":true}]}}