{"id":70594,"date":"2019-12-18T08:02:39","date_gmt":"2019-12-18T13:02:39","guid":{"rendered":"https:\/\/linitiative.ca\/International\/colloque-sur-la-lutte-contre-la-violence-envers-les-femmes\/"},"modified":"2019-12-18T08:02:39","modified_gmt":"2019-12-18T13:02:39","slug":"colloque-sur-la-lutte-contre-la-violence-envers-les-femmes","status":"publish","type":"post","link":"https:\/\/linitiative.ca\/International\/colloque-sur-la-lutte-contre-la-violence-envers-les-femmes\/","title":{"rendered":"Colloque sur la lutte contre la violence envers les femmes"},"content":{"rendered":"<p class=\"c4\">Le Parquet g\u00e9n\u00e9ral de la Cour d\u2019appel de Nador a organis\u00e9, mardi, un colloque r\u00e9gional dans l\u2019objectif de promouvoir la communication et la sensibilisation sur la lutte contre les actes de violence et de maltraitance \u00e0 l\u2019\u00e9gard des femmes et des filles.<\/p>\n<p class=\"c4\">Les intervenants ont mis l\u2019accent \u00e0 cette occasion sur l\u2019imp\u00e9rieuse n\u00e9cessit\u00e9 d\u2019une mobilisation collective et d\u2019une application rigoureuse des lois en vigueur pour contrer ce ph\u00e9nom\u00e8ne aux effets n\u00e9fastes, ainsi que sur l\u2019importance de la sensibilisation et l\u2019information des femmes et des filles de leurs droits.<\/p>\n<p class=\"c4\">Cette rencontre vise \u00e0 enrichir le d\u00e9bat engag\u00e9 dans le cade de la 17\u00e8me Campagne nationale de sensibilisation \u00e0 la violence contre la femme, men\u00e9e par le minist\u00e8re de la Solidarit\u00e9, du D\u00e9veloppement social, de l\u2019\u00c9galit\u00e9 et de la Famille sous le th\u00e8me \u00ab\u00a0Les jeunes, un partenaire dans la lutte contre les violences \u00e0 l\u2019\u00e9gard des femmes et des filles\u00a0\u00bb, a-t-on soulign\u00e9.<\/p>\n<p class=\"c4\">Dans leurs expos\u00e9s, ils ont braqu\u00e9 les projecteurs sur les diff\u00e9rents aspects de ce ph\u00e9nom\u00e8ne, ses facteurs et ses co\u00fbts socio-\u00e9conomiques, les m\u00e9canismes de protection juridique et judiciaire des victimes de la violence parmi les femmes et les filles et le r\u00f4le et la responsabilit\u00e9 des diff\u00e9rents acteurs et intervenants dans ce domaine.<\/p>\n<p class=\"c4\">Le procureur g\u00e9n\u00e9ral du Roi pr\u00e8s la Cour d\u2019appel de Nador, Abdelhakim El Oufi, a soulign\u00e9 \u00e0 l\u2019ouverture de ce colloque le long processus de r\u00e9formes audacieuses qu\u2019a connu le Maroc pour la cons\u00e9cration des droits de l\u2019Homme en g\u00e9n\u00e9ral, et des droits de la femme en particulier, mettant en avant les acquis r\u00e9alis\u00e9s en mati\u00e8re de renforcement des droits de la femme et sa protection contre toute forme de violence et de discrimination.<\/p>\n<p><img class=\"wp-image-16664 aligncenter\" data-src=\"http:\/\/www.mapoujda.ma\/map\/uploads\/2019\/12\/M-Abdelhakim-El-Oufi-M750\u00d7430-MAP.jpg\" alt=\"\" width=\"576\" height=\"330\" srcset=\"http:\/\/www.mapoujda.ma\/map\/uploads\/2019\/12\/M-Abdelhakim-El-Oufi-M750\u00d7430-MAP.jpg 750w, http:\/\/www.mapoujda.ma\/map\/uploads\/2019\/12\/M-Abdelhakim-El-Oufi-M750\u00d7430-MAP-300x172.jpg 300w\" sizes=\"(max-width: 576px) 100vw, 576px\"\/><\/p>\n<p class=\"c6\"><strong><span class=\"c5\">M. Abdelhakim El Oufi dans une d\u00e9claration \u00e0 la MAP<\/span><\/strong><\/p>\n<p class=\"c4\">Notant que SM le Roi Mohammed VI accorde un int\u00e9r\u00eat particulier \u00e0 la promotion des conditions de la femme marocaine et oeuvre pour lui permettre d\u2019occuper la place qu\u2019elle m\u00e9rite au sein de la soci\u00e9t\u00e9, M. El Oufi a relev\u00e9 l\u2019importance de la loi 103-13 relative \u00e0 la lutte contre les violences \u00e0 l\u2019\u00e9gard des femmes, entr\u00e9e en vigueur en septembre 2018.<\/p>\n<p class=\"c4\">Cette loi qui comporte la d\u00e9finition des concepts, les dispositions p\u00e9nales, les mesures pr\u00e9ventives, les initiatives de protection et un m\u00e9canisme institutionnel int\u00e9gr\u00e9 de prise en charge durcissant les peines contre les auteurs, a-t-il dit, permet de garantir une meilleure protection des femmes contre toutes formes de violence.<\/p>\n<p class=\"c4\">Et de conclure que le ph\u00e9nom\u00e8ne de la violence \u00e0 l\u2019\u00e9gard des femmes qui constitue une atteinte dangereuse \u00e0 leur int\u00e9grit\u00e9 physique et psychique requiert une application seine et stricte des lois en vigueur et une mobilisation de tous les acteurs pour incarner un changement des mentalit\u00e9s et une sensibilisation de la soci\u00e9t\u00e9.<\/p>\n<p class=\"c4\">Les autres intervenants ont ax\u00e9 leurs interventions, notamment sur les r\u00e9sultats de la derni\u00e8re \u00e9tude r\u00e9alis\u00e9e par le Haut commissariat au plan (HCP) sur la violence faite aux femmes, le mariage des mineurs et la l\u00e9gislation nationale, les cellules de prise en charge des femmes victimes de violence, et la strat\u00e9gie de la Direction g\u00e9n\u00e9rale de la s\u00fbret\u00e9 nationale (DGSN) en mati\u00e8re de lutte contre la violence \u00e0 l\u2019\u00e9gard des femmes et des enfants.<\/p>\n<p>Auteur: Soufiane ELAHMAR<br \/>\n<a href=\"http:\/\/www.mapoujda.ma\/fr\/colloque-sur-la-lutte-contre-la-violence-envers-les-femmes\/\">Cliquez ici pour lire l&rsquo;article depuis sa source.<\/a><\/p>\n","protected":false},"excerpt":{"rendered":"<p>Le Parquet g\u00e9n\u00e9ral de la Cour d\u2019appel de Nador a organis\u00e9, mardi, un colloque r\u00e9gional dans l\u2019objectif de promouvoir la communication et la sensibilisation sur la lutte contre les actes de violence et de maltraitance \u00e0 l\u2019\u00e9gard des femmes et des filles. Les intervenants ont mis l\u2019accent \u00e0 cette occasion sur l\u2019imp\u00e9rieuse n\u00e9cessit\u00e9 d\u2019une mobilisation [&hellip;]<\/p>\n","protected":false},"author":1788,"featured_media":70595,"comment_status":"closed","ping_status":"closed","sticky":false,"template":"","format":"standard","meta":{"fifu_image_url":"","fifu_image_alt":"","footnotes":""},"categories":[54,76],"tags":[],"class_list":["post-70594","post","type-post","status-publish","format-standard","has-post-thumbnail","hentry","category-maroc","category-regions"],"_links":{"self":[{"href":"https:\/\/linitiative.ca\/International\/wp-json\/wp\/v2\/posts\/70594","targetHints":{"allow":["GET"]}}],"collection":[{"href":"https:\/\/linitiative.ca\/International\/wp-json\/wp\/v2\/posts"}],"about":[{"href":"https:\/\/linitiative.ca\/International\/wp-json\/wp\/v2\/types\/post"}],"author":[{"embeddable":true,"href":"https:\/\/linitiative.ca\/International\/wp-json\/wp\/v2\/users\/1788"}],"replies":[{"embeddable":true,"href":"https:\/\/linitiative.ca\/International\/wp-json\/wp\/v2\/comments?post=70594"}],"version-history":[{"count":0,"href":"https:\/\/linitiative.ca\/International\/wp-json\/wp\/v2\/posts\/70594\/revisions"}],"wp:featuredmedia":[{"embeddable":true,"href":"https:\/\/linitiative.ca\/International\/wp-json\/"}],"wp:attachment":[{"href":"https:\/\/linitiative.ca\/International\/wp-json\/wp\/v2\/media?parent=70594"}],"wp:term":[{"taxonomy":"category","embeddable":true,"href":"https:\/\/linitiative.ca\/International\/wp-json\/wp\/v2\/categories?post=70594"},{"taxonomy":"post_tag","embeddable":true,"href":"https:\/\/linitiative.ca\/International\/wp-json\/wp\/v2\/tags?post=70594"}],"curies":[{"name":"wp","href":"https:\/\/api.w.org\/{rel}","templated":true}]}}