{"id":70616,"date":"2019-12-18T09:52:00","date_gmt":"2019-12-18T14:52:00","guid":{"rendered":"https:\/\/linitiative.ca\/International\/mahieddine-tahkout-devant-le-juge\/"},"modified":"2019-12-18T09:52:00","modified_gmt":"2019-12-18T14:52:00","slug":"mahieddine-tahkout-devant-le-juge","status":"publish","type":"post","link":"https:\/\/linitiative.ca\/International\/mahieddine-tahkout-devant-le-juge\/","title":{"rendered":"Mahieddine Tahkout devant le juge !"},"content":{"rendered":"<p><br id=\"sep_para_1\" class=\"sep_para access\"\/><\/p>\n<div id=\"para_1\" class=\"para_34544259 resize\">\n<div class=\"texte access firstletter\">L\u2019homme d\u2019affaires, Mahieddine Tahkout a \u00e9t\u00e9 entendu mercredi,\u00a0 \u00e0 la Cour supr\u00eame dans le cadre d\u2019un dossier li\u00e9 \u00e0 des affaires de corruption. Tahkout patron du groupe TMC est soup\u00e7onn\u00e9 d\u2019avoir obtenu d\u2019indus avantages aupr\u00e8s de l\u2019Agence nationale de d\u00e9veloppement de l\u2019investissement (ANDI ), de l\u2019Office national des \u0153uvres universitaires (ONOU ) et de l\u2019entreprise de transport urbain et suburbain d\u2019Alger (ETUSA), notamment pour l\u2019obtention de march\u00e9s li\u00e9s au transport des \u00e9tudiants.\u00a0 Rappelons que Mahieddine Tahkout a \u00e9t\u00e9 plac\u00e9 sous mandat de d\u00e9p\u00f4t en juin dernier.<\/div>\n<\/div>\n<p>Auteur: R\u00e9flexion<br \/>\n<a href=\"https:\/\/www.reflexiondz.net\/Mahieddine-Tahkout-devant-le-juge-_a59487.html\">Cliquez ici pour lire l&rsquo;article depuis sa source.<\/a><\/p>\n","protected":false},"excerpt":{"rendered":"<p>L\u2019homme d\u2019affaires, Mahieddine Tahkout a \u00e9t\u00e9 entendu mercredi,\u00a0 \u00e0 la Cour supr\u00eame dans le cadre d\u2019un dossier li\u00e9 \u00e0 des affaires de corruption. Tahkout patron du groupe TMC est soup\u00e7onn\u00e9 d\u2019avoir obtenu d\u2019indus avantages aupr\u00e8s de l\u2019Agence nationale de d\u00e9veloppement de l\u2019investissement (ANDI ), de l\u2019Office national des \u0153uvres universitaires (ONOU ) et de l\u2019entreprise [&hellip;]<\/p>\n","protected":false},"author":1740,"featured_media":0,"comment_status":"closed","ping_status":"closed","sticky":false,"template":"","format":"standard","meta":{"fifu_image_url":"","fifu_image_alt":"","footnotes":""},"categories":[53,76],"tags":[],"class_list":["post-70616","post","type-post","status-publish","format-standard","hentry","category-algerie","category-regions"],"_links":{"self":[{"href":"https:\/\/linitiative.ca\/International\/wp-json\/wp\/v2\/posts\/70616","targetHints":{"allow":["GET"]}}],"collection":[{"href":"https:\/\/linitiative.ca\/International\/wp-json\/wp\/v2\/posts"}],"about":[{"href":"https:\/\/linitiative.ca\/International\/wp-json\/wp\/v2\/types\/post"}],"author":[{"embeddable":true,"href":"https:\/\/linitiative.ca\/International\/wp-json\/wp\/v2\/users\/1740"}],"replies":[{"embeddable":true,"href":"https:\/\/linitiative.ca\/International\/wp-json\/wp\/v2\/comments?post=70616"}],"version-history":[{"count":0,"href":"https:\/\/linitiative.ca\/International\/wp-json\/wp\/v2\/posts\/70616\/revisions"}],"wp:attachment":[{"href":"https:\/\/linitiative.ca\/International\/wp-json\/wp\/v2\/media?parent=70616"}],"wp:term":[{"taxonomy":"category","embeddable":true,"href":"https:\/\/linitiative.ca\/International\/wp-json\/wp\/v2\/categories?post=70616"},{"taxonomy":"post_tag","embeddable":true,"href":"https:\/\/linitiative.ca\/International\/wp-json\/wp\/v2\/tags?post=70616"}],"curies":[{"name":"wp","href":"https:\/\/api.w.org\/{rel}","templated":true}]}}