{"id":70617,"date":"2019-12-18T09:52:00","date_gmt":"2019-12-18T14:52:00","guid":{"rendered":"https:\/\/linitiative.ca\/International\/affaire-sonatrach-lancien-dg-des-douanes-convoque-par-la-cour-supreme\/"},"modified":"2019-12-18T09:52:00","modified_gmt":"2019-12-18T14:52:00","slug":"affaire-sonatrach-lancien-dg-des-douanes-convoque-par-la-cour-supreme","status":"publish","type":"post","link":"https:\/\/linitiative.ca\/International\/affaire-sonatrach-lancien-dg-des-douanes-convoque-par-la-cour-supreme\/","title":{"rendered":"AFFAIRE SONATRACH : L\u2019ancien DG des douanes convoqu\u00e9 par la Cour supr\u00eame !"},"content":{"rendered":"<p><br id=\"sep_para_1\" class=\"sep_para access\"\/><\/p>\n<div id=\"para_1\" class=\"para_34544218 resize\">\n<div class=\"texte access firstletter\">L\u2019ancien Directeur g\u00e9n\u00e9ral des douanes et ex Pr\u00e9sident directeur g\u00e9n\u00e9ral d\u2019Air Alg\u00e9rie, Mohamed Abdou Bouderbala,\u00a0 devrait \u00eatre auditionn\u00e9 par le conseiller enqu\u00eateur pr\u00e8s la Cour supr\u00eame dans les jours \u00e0 venir. Selon le site Ennahar Online qui cite des sources inform\u00e9es, il sera convoqu\u00e9 en tant que t\u00e9moin dans une affaire de corruption. Le m\u00e9dia arabophone ajoute que selon une autre source, Bouderbala sera auditionn\u00e9 dans l\u2019un des dossiers ouverts r\u00e9cemment par la Cour supr\u00eame sur Sonatrach. L\u2019affaire, remontant \u00e0 l\u2019\u00e9poque o\u00f9 il \u00e9tait \u00e0 la t\u00eate des douanes, est relative \u00e0 l\u2019importation de mat\u00e9riel \u00e0 l\u2019aide d\u2019une licence exceptionnelle, au profit d\u2019une entreprise \u00e9trang\u00e8re, ajoute la m\u00eame source.\u00a0<\/div>\n<\/div>\n<p>Auteur: Nadine<br \/>\n<a href=\"https:\/\/www.reflexiondz.net\/AFFAIRE-SONATRACH-L-ancien-DG-des-douanes-convoque-par-la-Cour-supreme-_a59481.html\">Cliquez ici pour lire l&rsquo;article depuis sa source.<\/a><\/p>\n","protected":false},"excerpt":{"rendered":"<p>L\u2019ancien Directeur g\u00e9n\u00e9ral des douanes et ex Pr\u00e9sident directeur g\u00e9n\u00e9ral d\u2019Air Alg\u00e9rie, Mohamed Abdou Bouderbala,\u00a0 devrait \u00eatre auditionn\u00e9 par le conseiller enqu\u00eateur pr\u00e8s la Cour supr\u00eame dans les jours \u00e0 venir. Selon le site Ennahar Online qui cite des sources inform\u00e9es, il sera convoqu\u00e9 en tant que t\u00e9moin dans une affaire de corruption. Le m\u00e9dia [&hellip;]<\/p>\n","protected":false},"author":1740,"featured_media":0,"comment_status":"closed","ping_status":"closed","sticky":false,"template":"","format":"standard","meta":{"fifu_image_url":"","fifu_image_alt":"","footnotes":""},"categories":[53,76],"tags":[],"class_list":["post-70617","post","type-post","status-publish","format-standard","hentry","category-algerie","category-regions"],"_links":{"self":[{"href":"https:\/\/linitiative.ca\/International\/wp-json\/wp\/v2\/posts\/70617","targetHints":{"allow":["GET"]}}],"collection":[{"href":"https:\/\/linitiative.ca\/International\/wp-json\/wp\/v2\/posts"}],"about":[{"href":"https:\/\/linitiative.ca\/International\/wp-json\/wp\/v2\/types\/post"}],"author":[{"embeddable":true,"href":"https:\/\/linitiative.ca\/International\/wp-json\/wp\/v2\/users\/1740"}],"replies":[{"embeddable":true,"href":"https:\/\/linitiative.ca\/International\/wp-json\/wp\/v2\/comments?post=70617"}],"version-history":[{"count":0,"href":"https:\/\/linitiative.ca\/International\/wp-json\/wp\/v2\/posts\/70617\/revisions"}],"wp:attachment":[{"href":"https:\/\/linitiative.ca\/International\/wp-json\/wp\/v2\/media?parent=70617"}],"wp:term":[{"taxonomy":"category","embeddable":true,"href":"https:\/\/linitiative.ca\/International\/wp-json\/wp\/v2\/categories?post=70617"},{"taxonomy":"post_tag","embeddable":true,"href":"https:\/\/linitiative.ca\/International\/wp-json\/wp\/v2\/tags?post=70617"}],"curies":[{"name":"wp","href":"https:\/\/api.w.org\/{rel}","templated":true}]}}