{"id":70618,"date":"2019-12-18T09:52:00","date_gmt":"2019-12-18T14:52:00","guid":{"rendered":"https:\/\/linitiative.ca\/International\/zitout-condamne-a-20-ans-de-prison\/"},"modified":"2019-12-18T09:52:00","modified_gmt":"2019-12-18T14:52:00","slug":"zitout-condamne-a-20-ans-de-prison","status":"publish","type":"post","link":"https:\/\/linitiative.ca\/International\/zitout-condamne-a-20-ans-de-prison\/","title":{"rendered":"Zitout condamn\u00e9 \u00e0  20 ans de prison"},"content":{"rendered":"<p><br id=\"sep_para_1\" class=\"sep_para access\"\/><\/p>\n<div id=\"para_1\" class=\"para_34544245 resize\">\n<div class=\"photo shadow left\"><a href=\"javascript:void(0)\" rel=\"https:\/\/www.reflexiondz.net\/photo\/art\/grande\/40894871-34544245.jpg?v=1576688477&#038;ibox\" title=\"Zitout condamn\u00e9 \u00e0 20 ans de prison\"><img decoding=\"async\" class=\"responsive c9\" src=\"https:\/\/www.reflexiondz.net\/photo\/art\/grande\/40894871-34544245.jpg?v=1576688477\" alt=\"Zitout condamn\u00e9 \u00e0 20 ans de prison\" title=\"Zitout condamn\u00e9 \u00e0 20 ans de prison\"\/><img decoding=\"async\" class=\"not-responsive\" src=\"https:\/\/www.reflexiondz.net\/photo\/art\/default\/40894871-34544245.jpg?v=1576688478\" alt=\"Zitout condamn\u00e9 \u00e0 20 ans de prison\" title=\"Zitout condamn\u00e9 \u00e0 20 ans de prison\"\/><\/a><\/div>\n<div class=\"texte access firstletter\">Le tribunal d\u2019Oran a prononc\u00e9, dans la soir\u00e9e de mardi 17 d\u00e9cembre, une peine de 20 ans de prison ferme \u00e0 l&rsquo;encontre de l&rsquo;activiste, ancien diplomate Mohamed Larbi Zitout, en exil \u00e0 Londres depuis 1995. Il est poursuivi pour trois chefs d\u2019accusation. C\u2019est dans la soir\u00e9e de mardi que le proc\u00e8s de Mohamed Larbi Zitout s\u2019est tenu. Le tribunal correctionnel de Ha\u00ef Djamel Eddine d\u2019Oran a en effet prononc\u00e9 une lourde peine d\u2019emprisonnement contre cet ancien diplomate alg\u00e9rien. Selon le site arabophone Ennahar, les chefs d\u2019inculpation retenus contre Zitout sont : \u00ab\u00a0Atteinte \u00e0 l\u2019autorit\u00e9 de l\u2019arm\u00e9e\u00a0\u00bb et \u00ab\u00a0injure et outrage \u00e0 l\u2019autorit\u00e9 de l&rsquo;\u00c9tat\u00a0\u00bb. Depuis le d\u00e9but du mouvement de contestation populaire, Mohamed Larbi Zitout a \u00e9t\u00e9 tr\u00e8s actif sur les r\u00e9seaux sociaux. Ce dernier s\u2019adressait aux jeunes Alg\u00e9riens via des vid\u00e9os et des live partag\u00e9s sur ses pages. Cet ancien diplomate s\u2019indignait de la situation politique du pays, il appelait au respect des droits de l\u2019Homme, et croyait haut et fort aux revendications du Hirak. Mohamed Larbi Zitout a \u00e9t\u00e9 cit\u00e9 dans l\u2019affaire de Kaddour Chouicha. Ce dernier est le coordinateur national du Syndicat des Enseignants du Sup\u00e9rieur Solidaire (SESS), membre de la Conf\u00e9d\u00e9ration g\u00e9n\u00e9rale autonome des travailleurs en Alg\u00e9rie (CGATA) et vice-pr\u00e9sident de la Ligue alg\u00e9rienne pour la d\u00e9fense des droits de l\u2019Homme (LADDH). La police a arr\u00eat\u00e9 Kaddour Chouicha la semaine pass\u00e9e \u00e0 Oran et le juge a prononc\u00e9 la peine d&rsquo;une ann\u00e9e de prison ferme contre lui. Le vice-pr\u00e9sident de la LADDH est donc accus\u00e9 d\u2019avoir r\u00e9dig\u00e9 des textes qui portent atteinte \u00e0 l\u2019ordre public et qui constituent un outrage \u00e0 l&rsquo;institution judiciaire. Cela, apr\u00e8s plusieurs r\u00e9actions et appels lanc\u00e9s sur les r\u00e9seaux sociaux suite aux proc\u00e8s des d\u00e9tenus d\u2019opinion condamn\u00e9s \u00e0 de la prison ferme. Pour rappel, Mohamed Larbi Zitout \u00e9tait un attach\u00e9 diplomatique \u00e0 l\u2019ambassade d\u2019Alg\u00e9rie en Libye. Il a par la suite occup\u00e9 d\u2019autres postes de diplomate jusqu\u2019\u00e0 sa d\u00e9mission en 1995. En effet, Zitout avait condamn\u00e9 et contest\u00e9 l&rsquo;arr\u00eat du processus \u00e9lectoral en janvier 1992, apr\u00e8s la victoire du FIS, depuis sa d\u00e9mission Zitout vit \u00e0 Londres.<\/div>\n<\/div>\n<p>Auteur: R\u00e9flexion<br \/>\n<a href=\"https:\/\/www.reflexiondz.net\/Zitout-condamne-a-20-ans-de-prison_a59485.html\">Cliquez ici pour lire l&rsquo;article depuis sa source.<\/a><\/p>\n","protected":false},"excerpt":{"rendered":"<p>Le tribunal d\u2019Oran a prononc\u00e9, dans la soir\u00e9e de mardi 17 d\u00e9cembre, une peine de 20 ans de prison ferme \u00e0 l&rsquo;encontre de l&rsquo;activiste, ancien diplomate Mohamed Larbi Zitout, en exil \u00e0 Londres depuis 1995. Il est poursuivi pour trois chefs d\u2019accusation. C\u2019est dans la soir\u00e9e de mardi que le proc\u00e8s de Mohamed Larbi Zitout [&hellip;]<\/p>\n","protected":false},"author":1740,"featured_media":0,"comment_status":"closed","ping_status":"closed","sticky":false,"template":"","format":"standard","meta":{"fifu_image_url":"","fifu_image_alt":"","footnotes":""},"categories":[53,76],"tags":[],"class_list":["post-70618","post","type-post","status-publish","format-standard","hentry","category-algerie","category-regions"],"_links":{"self":[{"href":"https:\/\/linitiative.ca\/International\/wp-json\/wp\/v2\/posts\/70618","targetHints":{"allow":["GET"]}}],"collection":[{"href":"https:\/\/linitiative.ca\/International\/wp-json\/wp\/v2\/posts"}],"about":[{"href":"https:\/\/linitiative.ca\/International\/wp-json\/wp\/v2\/types\/post"}],"author":[{"embeddable":true,"href":"https:\/\/linitiative.ca\/International\/wp-json\/wp\/v2\/users\/1740"}],"replies":[{"embeddable":true,"href":"https:\/\/linitiative.ca\/International\/wp-json\/wp\/v2\/comments?post=70618"}],"version-history":[{"count":0,"href":"https:\/\/linitiative.ca\/International\/wp-json\/wp\/v2\/posts\/70618\/revisions"}],"wp:attachment":[{"href":"https:\/\/linitiative.ca\/International\/wp-json\/wp\/v2\/media?parent=70618"}],"wp:term":[{"taxonomy":"category","embeddable":true,"href":"https:\/\/linitiative.ca\/International\/wp-json\/wp\/v2\/categories?post=70618"},{"taxonomy":"post_tag","embeddable":true,"href":"https:\/\/linitiative.ca\/International\/wp-json\/wp\/v2\/tags?post=70618"}],"curies":[{"name":"wp","href":"https:\/\/api.w.org\/{rel}","templated":true}]}}