{"id":70619,"date":"2019-12-18T09:52:00","date_gmt":"2019-12-18T14:52:00","guid":{"rendered":"https:\/\/linitiative.ca\/International\/station-regionale-de-la-protection-des-vegetaux-de-mostaganem-bulletin-de-sensibilisation-sur-le-traitement-dhiver-des-arbres-fruitiers\/"},"modified":"2019-12-18T09:52:00","modified_gmt":"2019-12-18T14:52:00","slug":"station-regionale-de-la-protection-des-vegetaux-de-mostaganem-bulletin-de-sensibilisation-sur-le-traitement-dhiver-des-arbres-fruitiers","status":"publish","type":"post","link":"https:\/\/linitiative.ca\/International\/station-regionale-de-la-protection-des-vegetaux-de-mostaganem-bulletin-de-sensibilisation-sur-le-traitement-dhiver-des-arbres-fruitiers\/","title":{"rendered":"STATION REGIONALE DE LA PROTECTION  DES VEGETAUX DE MOSTAGANEM : Bulletin  de sensibilisation sur le traitement d&rsquo;hiver  des arbres fruitiers"},"content":{"rendered":"<p><br id=\"sep_para_1\" class=\"sep_para access\"\/><\/p>\n<div id=\"para_1\" class=\"para_34545553 resize\">\n<div class=\"texte access firstletter\">Un bulletin\u00a0 de la station r\u00e9gionale de la protection des v\u00e9g\u00e9taux agricole ,sur les traitements d&rsquo;hiver des arbres fruitiers et de la vigne , a \u00e9t\u00e9 adress\u00e9 en direction des agriculteurs .Les arbres fruitiers et la vigne \u00e9tant au stade de repos v\u00e9g\u00e9tatif constitue une p\u00e9riode propice pour effectuer des traitements d\u2019hiver contre nombreux bio-agresseurs (cochenilles , psylle , acariens ,tavelure, cloque,\u2026\u2026.etc)\u00a0 en hibernation qui sont refugi\u00e9s sous l\u2019\u00e9corce, rameaux , tronc, fruits .Par ailleurs,. les plantes adventistes (mauvaises herbes) causent des d\u00e9g\u00e2ts assez importants, d\u2019une mani\u00e8re directe et indirecte, sur les cultures c\u00e9r\u00e9ali\u00e8res en entravant le d\u00e9veloppement de la plante cultiv\u00e9e\u00a0 et ce, par leurs effets concurrentiels,(engrais, eau, lumi\u00e8re et l&rsquo;aire) ainsi que\u00a0 par leurs excr\u00e9tions des substances toxiques par les racines. A cet effet le d\u00e9sherbage s&rsquo;impose et devient obligatoire pour l&rsquo;obtention de bon rendement Avant de proc\u00e9der \u00e0 l\u2019application de produits chimiques, des mesures prophylactiques sont \u00e0 r\u00e9aliser et\u00a0 il s\u2019agit de\u00a0 la d\u00e9sinfection des outils utilis\u00e9s (s\u00e9cateurs- scie.. .) pour la taille afin d\u2019\u00e9viter toute contamination ;l\u2019\u00e9limination par la taille des rameaux morts, dess\u00e9ch\u00e9s, malades o\u00f9 d\u00e9p\u00e9rissant et ceux pr\u00e9sentant des chancres, des pustules ; la destruction\u00a0 par le feu tous les d\u00e9chets de la taille et l\u2019utilisation du mastic cicatrisant pour d\u00e9sinfecter les plaies. Le traitement chimique, quant \u00e0 lui, est r\u00e9alis\u00e9 chaque deux an apr\u00e8s la taille sur les arbres \u00e2g\u00e9s de 4 ans et plus, de pr\u00e9f\u00e9rence 15 jours avant le d\u00e9bourrement, par un produit homologu\u00e9. Les huiles jaunes ont une action insecticide et fongicide,\u00a0 \u00e0 la fois\u00a0 soit un m\u00e9lange compos\u00e9 d\u2019une huile blanche, d\u2019un insecticide et d\u2019un fongicide cuprique\u00a0 selon une bonne pulv\u00e9risation (abondante) touchant toutes les parties de l\u2019arbre.\u00a0\u00a0\u00a0\u00a0\u00a0\u00a0\u00a0\u00a0\u00a0\u00a0\u00a0<\/div>\n<\/div>\n<p>Auteur: G.Yacine<br \/>\n<a href=\"https:\/\/www.reflexiondz.net\/STATION-REGIONALE-DE-LA-PROTECTION-DES-VEGETAUX-DE-MOSTAGANEM-Bulletin-de-sensibilisation-sur-le-traitement-d-hiver-des_a59490.html\">Cliquez ici pour lire l&rsquo;article depuis sa source.<\/a><\/p>\n","protected":false},"excerpt":{"rendered":"<p>Un bulletin\u00a0 de la station r\u00e9gionale de la protection des v\u00e9g\u00e9taux agricole ,sur les traitements d&rsquo;hiver des arbres fruitiers et de la vigne , a \u00e9t\u00e9 adress\u00e9 en direction des agriculteurs .Les arbres fruitiers et la vigne \u00e9tant au stade de repos v\u00e9g\u00e9tatif constitue une p\u00e9riode propice pour effectuer des traitements d\u2019hiver contre nombreux bio-agresseurs [&hellip;]<\/p>\n","protected":false},"author":1740,"featured_media":0,"comment_status":"closed","ping_status":"closed","sticky":false,"template":"","format":"standard","meta":{"fifu_image_url":"","fifu_image_alt":"","footnotes":""},"categories":[53,76],"tags":[],"class_list":["post-70619","post","type-post","status-publish","format-standard","hentry","category-algerie","category-regions"],"_links":{"self":[{"href":"https:\/\/linitiative.ca\/International\/wp-json\/wp\/v2\/posts\/70619","targetHints":{"allow":["GET"]}}],"collection":[{"href":"https:\/\/linitiative.ca\/International\/wp-json\/wp\/v2\/posts"}],"about":[{"href":"https:\/\/linitiative.ca\/International\/wp-json\/wp\/v2\/types\/post"}],"author":[{"embeddable":true,"href":"https:\/\/linitiative.ca\/International\/wp-json\/wp\/v2\/users\/1740"}],"replies":[{"embeddable":true,"href":"https:\/\/linitiative.ca\/International\/wp-json\/wp\/v2\/comments?post=70619"}],"version-history":[{"count":0,"href":"https:\/\/linitiative.ca\/International\/wp-json\/wp\/v2\/posts\/70619\/revisions"}],"wp:attachment":[{"href":"https:\/\/linitiative.ca\/International\/wp-json\/wp\/v2\/media?parent=70619"}],"wp:term":[{"taxonomy":"category","embeddable":true,"href":"https:\/\/linitiative.ca\/International\/wp-json\/wp\/v2\/categories?post=70619"},{"taxonomy":"post_tag","embeddable":true,"href":"https:\/\/linitiative.ca\/International\/wp-json\/wp\/v2\/tags?post=70619"}],"curies":[{"name":"wp","href":"https:\/\/api.w.org\/{rel}","templated":true}]}}