{"id":70620,"date":"2019-12-18T09:52:00","date_gmt":"2019-12-18T14:52:00","guid":{"rendered":"https:\/\/linitiative.ca\/International\/mostaganem-formation-des-nouveaux-enseignants-pendant-les-vacances\/"},"modified":"2019-12-18T09:52:00","modified_gmt":"2019-12-18T14:52:00","slug":"mostaganem-formation-des-nouveaux-enseignants-pendant-les-vacances","status":"publish","type":"post","link":"https:\/\/linitiative.ca\/International\/mostaganem-formation-des-nouveaux-enseignants-pendant-les-vacances\/","title":{"rendered":"MOSTAGANEM : Formation des nouveaux enseignants pendant les vacances"},"content":{"rendered":"<p><br id=\"sep_para_1\" class=\"sep_para access\"\/><\/p>\n<div id=\"para_1\" class=\"para_34545551 resize\">\n<div class=\"texte access firstletter\">La direction de l\u2019\u00e9ducation de la wilaya de Mostaganem\u00a0 organise, \u00e0 partir du samedi prochain, le 21\u00a0 de ce mois, avec les vacances d\u2019hiver, une session de formation au profit des nouveaux enseignants de la liste additive appel\u00e9s r\u00e9cemment, des trois paliers de l\u2019enseignement (primaire, moyen et secondaire), au niveau de l\u2019institut de formation des fonctionnaires de l\u2019\u00e9ducation \u00ab Ben Zahra El Ghali \u00bb . A cet \u00e9gard, les enseignants sont invit\u00e9s \u00e0 consulter les listes\u00a0 nominatives, au niveau des directions de leur \u00e9tablissement, pour\u00a0 recevoir\u00a0 leur convocation. Au cours de ce stage de formation, les nouveaux enseignants actualiseront et approfondiront leurs connaissances p\u00e9dagogiques dans les diff\u00e9rentes mati\u00e8res scolaires des programmes pr\u00e9vue. Cette formation met l\u2019accent sur les crit\u00e8res de la pratique de classe\u00a0 et de simulation \u00e0 partir de situations en classe devant permettre l\u2019int\u00e9gration des acquis pour un bon d\u00e9veloppement des comp\u00e9tences, l\u2019utilisation d\u2019une p\u00e9dagogie de formation bas\u00e9e sur la participation et l\u2019interaction pour l\u2019am\u00e9lioration de leurs comp\u00e9tences professionnelles ainsi que\u00a0 la maitrise dans la gestion des groupes p\u00e9dagogiques. Il s\u2019agit notamment de mettre les stagiaires dans des situations pratiques r\u00e9elles pour les aider \u00e0 \u00e9tablir des outils p\u00e9dagogiques \u00e0 utiliser dans les pratiques professionnelles. Le but de cette formation vise aussi le d\u00e9veloppement de l\u2019esprit d\u2019innovation par le biais d\u2019activit\u00e9s diverses afin qu\u2019ils s\u2019investissent dans l\u2019auto-formation en les encourager \u00e0 avoir le sens de l\u2019initiative et de la cr\u00e9ativit\u00e9 ; notamment, fournir les conditions d\u2019\u00e9valuation du degr\u00e9 de la r\u00e9alisation des objectifs et l\u2019efficacit\u00e9. Quant \u00e0 l\u2019encadrement, il est assur\u00e9 par plusieurs des inspecteurs et enseignants formateurs.\u00a0\u00a0\u00a0\u00a0\u00a0\u00a0\u00a0\u00a0\u00a0\u00a0<\/div>\n<\/div>\n<p>Auteur: G.Yacine<br \/>\n<a href=\"https:\/\/www.reflexiondz.net\/MOSTAGANEM-Formation-des-nouveaux-enseignants-pendant-les-vacances_a59489.html\">Cliquez ici pour lire l&rsquo;article depuis sa source.<\/a><\/p>\n","protected":false},"excerpt":{"rendered":"<p>La direction de l\u2019\u00e9ducation de la wilaya de Mostaganem\u00a0 organise, \u00e0 partir du samedi prochain, le 21\u00a0 de ce mois, avec les vacances d\u2019hiver, une session de formation au profit des nouveaux enseignants de la liste additive appel\u00e9s r\u00e9cemment, des trois paliers de l\u2019enseignement (primaire, moyen et secondaire), au niveau de l\u2019institut de formation des [&hellip;]<\/p>\n","protected":false},"author":1740,"featured_media":0,"comment_status":"closed","ping_status":"closed","sticky":false,"template":"","format":"standard","meta":{"fifu_image_url":"","fifu_image_alt":"","footnotes":""},"categories":[53,76],"tags":[],"class_list":["post-70620","post","type-post","status-publish","format-standard","hentry","category-algerie","category-regions"],"_links":{"self":[{"href":"https:\/\/linitiative.ca\/International\/wp-json\/wp\/v2\/posts\/70620","targetHints":{"allow":["GET"]}}],"collection":[{"href":"https:\/\/linitiative.ca\/International\/wp-json\/wp\/v2\/posts"}],"about":[{"href":"https:\/\/linitiative.ca\/International\/wp-json\/wp\/v2\/types\/post"}],"author":[{"embeddable":true,"href":"https:\/\/linitiative.ca\/International\/wp-json\/wp\/v2\/users\/1740"}],"replies":[{"embeddable":true,"href":"https:\/\/linitiative.ca\/International\/wp-json\/wp\/v2\/comments?post=70620"}],"version-history":[{"count":0,"href":"https:\/\/linitiative.ca\/International\/wp-json\/wp\/v2\/posts\/70620\/revisions"}],"wp:attachment":[{"href":"https:\/\/linitiative.ca\/International\/wp-json\/wp\/v2\/media?parent=70620"}],"wp:term":[{"taxonomy":"category","embeddable":true,"href":"https:\/\/linitiative.ca\/International\/wp-json\/wp\/v2\/categories?post=70620"},{"taxonomy":"post_tag","embeddable":true,"href":"https:\/\/linitiative.ca\/International\/wp-json\/wp\/v2\/tags?post=70620"}],"curies":[{"name":"wp","href":"https:\/\/api.w.org\/{rel}","templated":true}]}}