{"id":70627,"date":"2019-12-18T11:10:00","date_gmt":"2019-12-18T16:10:00","guid":{"rendered":"https:\/\/linitiative.ca\/International\/les-adieux-emouvants-de-lambassade-de-tunisie-a-rome-a-mme-madeleine-marchand\/"},"modified":"2019-12-18T11:10:00","modified_gmt":"2019-12-18T16:10:00","slug":"les-adieux-emouvants-de-lambassade-de-tunisie-a-rome-a-mme-madeleine-marchand","status":"publish","type":"post","link":"https:\/\/linitiative.ca\/International\/les-adieux-emouvants-de-lambassade-de-tunisie-a-rome-a-mme-madeleine-marchand\/","title":{"rendered":"Les adieux \u00e9mouvants de l\u2019Ambassade de Tunisie \u00e0 Rome \u00e0 Mme Madeleine Marchand"},"content":{"rendered":"<p>L\u2019Ambassadeur de Tunisie en Italie a offert une r\u00e9ception d&rsquo;adieu en l\u2019honneur de Mme Madeleine Marchand, assistante de l\u2019Ambassadeur, \u00e0 l\u2019occasion de son d\u00e9part a la retraite, apr\u00e8s une longue et riche carri\u00e8re de pr\u00e8s de 40 ans au sein de l\u2019Ambassade.<\/p>\n<p>Bretonne, romaine d\u2019adoption, recrut\u00e9e en avril 1981 par l\u2019Ambassadeur Hamed Ammar, elle a exerc\u00e9 entre 1981 et 1983 dans les services \u00e9conomique, de presse et des organisations internationales.<\/p>\n<p>En 1983, l\u2019Ambassadeur <a href=\"https:\/\/www.leaders.com.tn\/article\/25443-l-ambassadeur-brahim-turki-est-decede\" target=\"_blank\" rel=\"noopener noreferrer\">Brahim Turki<\/a> l&rsquo;a d\u00e9sign\u00e9e comme assistante de l\u2019Ambassadeur.<\/p>\n<p>Elle a travaill\u00e9 avec 16 Ambassadeurs.<\/p>\n<p>Elle a cumul\u00e9 pendant 15 ans le secr\u00e9tariat de l\u2019Ambassadeur et le service de presse.<\/p>\n<p>Sa carri\u00e8re a \u00e9t\u00e9 marqu\u00e9e par sa capacit\u00e9 \u00e0 assurer la continuit\u00e9 de ses fonctions et son adaptation avec les exigences et approches des diff\u00e9rents chefs de poste qui se sont succ\u00e9d\u00e9.<\/p>\n<p>Ses comp\u00e9tences, sa rigueur, sa discr\u00e9tion, son honn\u00eatet\u00e9, sa loyaut\u00e9 son engagement en faveur de la Tunisie, son d\u00e9vouement, sa disponibilit\u00e9 et son acharnement au travail sont autant de qualit\u00e9s que tous nos Ambassadeurs et diplomates et autres visiteurs de la Via Asmara 7, ont pu attester et en\u00a0 mesurer la port\u00e9e.<\/p>\n<p>L\u2019hommage rendu, pendant la r\u00e9ception d\u2019adieu, \u00e0 Mme Marchand par l\u2019Ambassadeur de Tunisie \u00e0 Rome traduit sa grande appr\u00e9ciation\u00a0 pour sa d\u00e9vouement, pour la qualit\u00e9 du travail qu\u2019elle a accompli tout au long de sa carri\u00e8re et pour les efforts qu\u2019elle a d\u00e9ploy\u00e9s au service de\u00a0 la Tunisie tout au long de quatre d\u00e9cennies. \u00abMme Marchand a toujours \u00e9t\u00e9 un pilier incontournable, la cheville ouvri\u00e8re et surtout la m\u00e9moire de l\u2019Ambassade\u00bb, a soulign\u00e9 l\u2019Ambassadeur Sinaoui, qui n\u2019a pas manqu\u00e9 de mettre l\u2019accent sur son parcours exceptionnel et exemplaire et l\u2019estime dont elle jouit aupr\u00e8s de toutes les personnes qui ont eu affaire avec l\u2019Ambassade.<\/p>\n<p>Mme Marchand a fait part de sa grande satisfaction pour le travail accompli tout au long de sa carri\u00e8re. Elle a soulign\u00e9 que cette longue carri\u00e8re a \u00e9t\u00e9 marqu\u00e9e par un enrichissement intellectuel, des relations de confiance, de respect et d\u2019estime \u00e9prouv\u00e9s \u00e0 son \u00e9gard, mais surtout par sa grande appr\u00e9ciation de la Tunisie et son attachement \u00e0 notre pays, qui n\u2019a fait que se renforcer au fil des ann\u00e9es.<br \/>\u00a0<\/p>\n<p>Auteur:<br \/>\n<a href=\"https:\/\/www.leaders.com.tn\/article\/28660-les-adieux-emouvants-de-l-ambassade-de-tunisie-a-rome-a-mme-madelaine-marchand\">Cliquez ici pour lire l&rsquo;article depuis sa source.<\/a><\/p>\n","protected":false},"excerpt":{"rendered":"<p>L\u2019Ambassadeur de Tunisie en Italie a offert une r\u00e9ception d&rsquo;adieu en l\u2019honneur de Mme Madeleine Marchand, assistante de l\u2019Ambassadeur, \u00e0 l\u2019occasion de son d\u00e9part a la retraite, apr\u00e8s une longue et riche carri\u00e8re de pr\u00e8s de 40 ans au sein de l\u2019Ambassade. Bretonne, romaine d\u2019adoption, recrut\u00e9e en avril 1981 par l\u2019Ambassadeur Hamed Ammar, elle a [&hellip;]<\/p>\n","protected":false},"author":1772,"featured_media":0,"comment_status":"closed","ping_status":"closed","sticky":false,"template":"","format":"standard","meta":{"fifu_image_url":"","fifu_image_alt":"","footnotes":""},"categories":[73,55],"tags":[],"class_list":["post-70627","post","type-post","status-publish","format-standard","hentry","category-actualite","category-tunisie"],"_links":{"self":[{"href":"https:\/\/linitiative.ca\/International\/wp-json\/wp\/v2\/posts\/70627","targetHints":{"allow":["GET"]}}],"collection":[{"href":"https:\/\/linitiative.ca\/International\/wp-json\/wp\/v2\/posts"}],"about":[{"href":"https:\/\/linitiative.ca\/International\/wp-json\/wp\/v2\/types\/post"}],"author":[{"embeddable":true,"href":"https:\/\/linitiative.ca\/International\/wp-json\/wp\/v2\/users\/1772"}],"replies":[{"embeddable":true,"href":"https:\/\/linitiative.ca\/International\/wp-json\/wp\/v2\/comments?post=70627"}],"version-history":[{"count":0,"href":"https:\/\/linitiative.ca\/International\/wp-json\/wp\/v2\/posts\/70627\/revisions"}],"wp:attachment":[{"href":"https:\/\/linitiative.ca\/International\/wp-json\/wp\/v2\/media?parent=70627"}],"wp:term":[{"taxonomy":"category","embeddable":true,"href":"https:\/\/linitiative.ca\/International\/wp-json\/wp\/v2\/categories?post=70627"},{"taxonomy":"post_tag","embeddable":true,"href":"https:\/\/linitiative.ca\/International\/wp-json\/wp\/v2\/tags?post=70627"}],"curies":[{"name":"wp","href":"https:\/\/api.w.org\/{rel}","templated":true}]}}