{"id":70629,"date":"2019-12-18T13:01:00","date_gmt":"2019-12-18T18:01:00","guid":{"rendered":"https:\/\/linitiative.ca\/International\/appel-au-ministere-de-lenseignement-superieur-et-de-la-recherche-scientifique-au-sujet-dune-affaire-de-harcelement-sexuel\/"},"modified":"2019-12-18T13:01:00","modified_gmt":"2019-12-18T18:01:00","slug":"appel-au-ministere-de-lenseignement-superieur-et-de-la-recherche-scientifique-au-sujet-dune-affaire-de-harcelement-sexuel","status":"publish","type":"post","link":"https:\/\/linitiative.ca\/International\/appel-au-ministere-de-lenseignement-superieur-et-de-la-recherche-scientifique-au-sujet-dune-affaire-de-harcelement-sexuel\/","title":{"rendered":"Appel au Minist\u00e8re de l\u2019Enseignement sup\u00e9rieur et de la Recherche   Scientifique au sujet d\u2019une affaire de harc\u00e8lement sexuel"},"content":{"rendered":"<p>Un \u00e9tablissement d\u2019enseignement universitaire tunisien est, depuis longtemps, le th\u00e9\u00e2tre d\u2019une affaire de harc\u00e8lement sexuel dans laquelle les nombreuses plaignantes sont des \u00e9tudiantes qui accusent l\u2019un de leurs professeurs.<\/p>\n<p>Les nouveaux d\u00e9veloppements connus par l\u2019affaire, depuis plus d\u2019un mois, ont conduit au boycott de l\u2019enseignant accus\u00e9, \u00e0 des arr\u00eats de cours accompagn\u00e9s de diverses manifestations de protestation et \u00e0 des t\u00e9moignages exprim\u00e9s dans les r\u00e9seaux sociaux. Une plainte a \u00e9t\u00e9 d\u00e9pos\u00e9e, dans un premier temps, aupr\u00e8s de la direction de l\u2019\u00e9tablissement concern\u00e9 puis aupr\u00e8s de la Pr\u00e9sidence de l\u2019Universit\u00e9 de tutelle qui, apr\u00e8s l\u2019audition des diff\u00e9rentes parties et la r\u00e9ception d\u2019un rapport \u00e9crit de la part des plaignantes, s\u2019en est remis au minist\u00e8re de tutelle comme le stipule la r\u00e9glementation en vigueur.<\/p>\n<p>Depuis, le silence absolu du minist\u00e8re, n\u2019a fait qu\u2019envenimer encore plus l\u2019atmosph\u00e8re comme cela a \u00e9t\u00e9 constat\u00e9 \u00e0 travers les \u00e9chos de plus en plus larges dans les r\u00e9seaux sociaux, dans la presse \u00e9crite et certains relais internationaux.<\/p>\n<p>Face \u00e0 la gravit\u00e9 de l\u2019affaire et aux d\u00e9veloppements qu\u2019elle ne cesse de prendre, l\u2019Association Tunisiennes des Valeurs Universitaires, qui suit l\u2019affaire de tr\u00e8s pr\u00e8s d\u00e8s qu\u2019elle en a pris connaissance, appelle le minist\u00e8re de l\u2019Enseignement Sup\u00e9rieur et de la Recherche Scientifique \u00e0 assumer ses responsabilit\u00e9s, en traitant l\u2019affaire, sans d\u00e9lai, selon les termes de la loi, afin que justice soit faite pour toutes les parties concern\u00e9es.<\/p>\n<p>Le prolongement de l\u2019attentisme du minist\u00e8re ne fera qu\u2019envenimer encore plus la vie universitaire dont les maux sont, par ailleurs, innombrables. Outre le pr\u00e9judice dont souffrent les victimes pr\u00e9sum\u00e9es, le minist\u00e8re doit consid\u00e9rer avec le plus grand s\u00e9rieux le tort que fait le pourrissement de l\u2019affaire \u00e0 l\u2019\u00e9tablissement qui la vit et \u00e0 l\u2019image des universit\u00e9s tunisiennes.\u00a0\u00a0\u00a0\u00a0<\/p>\n<p class=\"c2\"><em><strong>Le Pr\u00e9sident de l\u2019association<\/strong><\/em> <strong><br \/>Habib Mellakh<\/strong><br \/>\u00a0<\/p>\n<p>Auteur:<br \/>\n<a href=\"https:\/\/www.leaders.com.tn\/article\/28662-appel-au-ministere-de-l-enseignement-superieur-et-de-la-recherche-scientifique-au-sujet-d-une-affaire-de-harcelement-sexuel\">Cliquez ici pour lire l&rsquo;article depuis sa source.<\/a><\/p>\n","protected":false},"excerpt":{"rendered":"<p>Un \u00e9tablissement d\u2019enseignement universitaire tunisien est, depuis longtemps, le th\u00e9\u00e2tre d\u2019une affaire de harc\u00e8lement sexuel dans laquelle les nombreuses plaignantes sont des \u00e9tudiantes qui accusent l\u2019un de leurs professeurs. Les nouveaux d\u00e9veloppements connus par l\u2019affaire, depuis plus d\u2019un mois, ont conduit au boycott de l\u2019enseignant accus\u00e9, \u00e0 des arr\u00eats de cours accompagn\u00e9s de diverses manifestations [&hellip;]<\/p>\n","protected":false},"author":1772,"featured_media":0,"comment_status":"closed","ping_status":"closed","sticky":false,"template":"","format":"standard","meta":{"fifu_image_url":"","fifu_image_alt":"","footnotes":""},"categories":[73,55],"tags":[],"class_list":["post-70629","post","type-post","status-publish","format-standard","hentry","category-actualite","category-tunisie"],"_links":{"self":[{"href":"https:\/\/linitiative.ca\/International\/wp-json\/wp\/v2\/posts\/70629","targetHints":{"allow":["GET"]}}],"collection":[{"href":"https:\/\/linitiative.ca\/International\/wp-json\/wp\/v2\/posts"}],"about":[{"href":"https:\/\/linitiative.ca\/International\/wp-json\/wp\/v2\/types\/post"}],"author":[{"embeddable":true,"href":"https:\/\/linitiative.ca\/International\/wp-json\/wp\/v2\/users\/1772"}],"replies":[{"embeddable":true,"href":"https:\/\/linitiative.ca\/International\/wp-json\/wp\/v2\/comments?post=70629"}],"version-history":[{"count":0,"href":"https:\/\/linitiative.ca\/International\/wp-json\/wp\/v2\/posts\/70629\/revisions"}],"wp:attachment":[{"href":"https:\/\/linitiative.ca\/International\/wp-json\/wp\/v2\/media?parent=70629"}],"wp:term":[{"taxonomy":"category","embeddable":true,"href":"https:\/\/linitiative.ca\/International\/wp-json\/wp\/v2\/categories?post=70629"},{"taxonomy":"post_tag","embeddable":true,"href":"https:\/\/linitiative.ca\/International\/wp-json\/wp\/v2\/tags?post=70629"}],"curies":[{"name":"wp","href":"https:\/\/api.w.org\/{rel}","templated":true}]}}