{"id":70630,"date":"2019-12-18T14:46:00","date_gmt":"2019-12-18T19:46:00","guid":{"rendered":"https:\/\/linitiative.ca\/International\/chahed-dement-les-rumeurs-sur-son-entree-au-nouveau-gouvernement\/"},"modified":"2019-12-18T14:46:00","modified_gmt":"2019-12-18T19:46:00","slug":"chahed-dement-les-rumeurs-sur-son-entree-au-nouveau-gouvernement","status":"publish","type":"post","link":"https:\/\/linitiative.ca\/International\/chahed-dement-les-rumeurs-sur-son-entree-au-nouveau-gouvernement\/","title":{"rendered":"Chahed d\u00e9ment les rumeurs sur son entr\u00e9e au nouveau  gouvernement"},"content":{"rendered":"<p class=\"MsoNormal\">Dans une interview \u00e0 la chaine Ettassia diffus\u00e9e ce soir, Youssef Chahed a d\u00e9fendu son bilan \u00e9conomique en insistant sur l\u2019assainissement des finances publiques<span class=\"c2\">\u00a0<\/span> ainsi que sur les efforts qui ont \u00e9t\u00e9 entrepris dans la lutte contre la corruption. Sur le front de la guerre contre la terrorisme, il a soulign\u00e9 les r\u00e9sultats probants qui ont \u00e9t\u00e9 r\u00e9alis\u00e9s tout en reconnaissant que ces r\u00e9sultats ont \u00e9t\u00e9 rendu possibles gr\u00e2ce aux sacrifices\u00a0 consentis sur le plan financier.\u00a0<\/p>\n<p class=\"MsoNormal\">Il a d\u00e9menti sa participation au prochain gouvernement s&rsquo;en tenant \u00e0 la d\u00e9cision de son parti sur cette question, mais a eu des mots de soutien du pr\u00e9sident de la R\u00e9publique et d\u00e9nonc\u00e9 ceux qui le critiquent. Finalement, une interview qui n&rsquo;apporte rien de nouveau.\u00a0 \u00a0<\/p>\n<p class=\"MsoNormal\">\u00a0<\/p>\n<p class=\"MsoNormal\">\u00a0<\/p>\n<p class=\"MsoNormal\"><span class=\"c2\">\u00a0<\/span><span class=\"c2\">\u00a0<\/span><\/p>\n<p>Auteur:<br \/>\n<a href=\"https:\/\/www.leaders.com.tn\/article\/28663-chahed-dement-les-rumeurs-sur-son-entree-au-nouveau-au-gouvernement\">Cliquez ici pour lire l&rsquo;article depuis sa source.<\/a><\/p>\n","protected":false},"excerpt":{"rendered":"<p>Dans une interview \u00e0 la chaine Ettassia diffus\u00e9e ce soir, Youssef Chahed a d\u00e9fendu son bilan \u00e9conomique en insistant sur l\u2019assainissement des finances publiques\u00a0 ainsi que sur les efforts qui ont \u00e9t\u00e9 entrepris dans la lutte contre la corruption. Sur le front de la guerre contre la terrorisme, il a soulign\u00e9 les r\u00e9sultats probants qui [&hellip;]<\/p>\n","protected":false},"author":1772,"featured_media":0,"comment_status":"closed","ping_status":"closed","sticky":false,"template":"","format":"standard","meta":{"fifu_image_url":"","fifu_image_alt":"","footnotes":""},"categories":[73,55],"tags":[],"class_list":["post-70630","post","type-post","status-publish","format-standard","hentry","category-actualite","category-tunisie"],"_links":{"self":[{"href":"https:\/\/linitiative.ca\/International\/wp-json\/wp\/v2\/posts\/70630","targetHints":{"allow":["GET"]}}],"collection":[{"href":"https:\/\/linitiative.ca\/International\/wp-json\/wp\/v2\/posts"}],"about":[{"href":"https:\/\/linitiative.ca\/International\/wp-json\/wp\/v2\/types\/post"}],"author":[{"embeddable":true,"href":"https:\/\/linitiative.ca\/International\/wp-json\/wp\/v2\/users\/1772"}],"replies":[{"embeddable":true,"href":"https:\/\/linitiative.ca\/International\/wp-json\/wp\/v2\/comments?post=70630"}],"version-history":[{"count":0,"href":"https:\/\/linitiative.ca\/International\/wp-json\/wp\/v2\/posts\/70630\/revisions"}],"wp:attachment":[{"href":"https:\/\/linitiative.ca\/International\/wp-json\/wp\/v2\/media?parent=70630"}],"wp:term":[{"taxonomy":"category","embeddable":true,"href":"https:\/\/linitiative.ca\/International\/wp-json\/wp\/v2\/categories?post=70630"},{"taxonomy":"post_tag","embeddable":true,"href":"https:\/\/linitiative.ca\/International\/wp-json\/wp\/v2\/tags?post=70630"}],"curies":[{"name":"wp","href":"https:\/\/api.w.org\/{rel}","templated":true}]}}