{"id":70631,"date":"2019-12-18T05:00:00","date_gmt":"2019-12-18T10:00:00","guid":{"rendered":"https:\/\/linitiative.ca\/International\/pour-des-cheveux-naturels-le-thym\/"},"modified":"2019-12-18T05:00:00","modified_gmt":"2019-12-18T10:00:00","slug":"pour-des-cheveux-naturels-le-thym","status":"publish","type":"post","link":"https:\/\/linitiative.ca\/International\/pour-des-cheveux-naturels-le-thym\/","title":{"rendered":"Pour des cheveux naturels, le thym !"},"content":{"rendered":"<p>Ses qualit\u00e9s purifiantes et assainissantes font du thym un excellent alli\u00e9 beaut\u00e9. Comment fortifier et embellir votre chevelure gr\u00e2ce \u00e0 lui ? Remarquable tonique du cuir chevelu, le thym pr\u00e9vient ou, s\u2019il est d\u00e9j\u00e0 trop tard, freine la chute des cheveux, les \u00e9paissit et active leur repousse. Utilis\u00e9 en rin\u00e7age, apr\u00e8s le shampooing, il embellit les cheveux bruns tout en les tonifiant.<\/p>\n<p><strong>La lotion tonifiante au thym pour vos cheveux naturels<\/strong><br \/>Commen\u00e7ons avec le plus simple : une lotion au thym qui, en stimulant l\u2019irrigation du cuir chevelu, a tout naturellement pour cons\u00e9quence de fortifier les racines des\u00a0<br \/>cheveux et d\u2019\u00e9paissir ces derniers :<\/p>\n<p>Pr\u00e9parez une d\u00e9coction concentr\u00e9e, avec 100 g environ de thym pour un litre d\u2019eau.<\/p>\n<p><strong>Laissez r\u00e9duire de moiti\u00e9.<\/strong><br \/>Lotionnez votre cuir chevelu avec une partie de la d\u00e9coction\u00a0 et gardez-en l\u2019autre partie pour vous rincer les cheveux apr\u00e8s votre shampooing.<br \/>Si vous \u00eates brune, le rin\u00e7age, justement, est une excellente occasion de soutenir et d\u2019embellir votre couleur tout en tonifiant vos cheveux naturels apr\u00e8s le shampooing.<\/p>\n<p><strong>Rin\u00e7age\u00a0<\/strong><br \/>Utilisez pour cela la d\u00e9coction propos\u00e9e ci-dessus, ou pr\u00e9parez une simple infusion de thym.<br \/>Pour optimaliser encore l\u2019effet, ajoutez 2 cuill\u00e8res \u00e0 soupe de vinaigre de cidre biologique, et utilisez en dernier rin\u00e7age.<br \/>Gr\u00e2ce aux vertus assainissantes du thym et du vinaigre de cidre, la m\u00eame pr\u00e9paration, mais utilis\u00e9e cette fois en lotion, est extr\u00eamement b\u00e9n\u00e9fique aux cheveux gras.<\/p>\n<p>Auteur:<br \/>\n<a href=\"https:\/\/www.lesoirdalgerie.com\/femme-magazine\/pour-des-cheveux-naturels-le-thym-35480\">Cliquez ici pour lire l&rsquo;article depuis sa source.<\/a><\/p>\n","protected":false},"excerpt":{"rendered":"<p>Ses qualit\u00e9s purifiantes et assainissantes font du thym un excellent alli\u00e9 beaut\u00e9. Comment fortifier et embellir votre chevelure gr\u00e2ce \u00e0 lui ? Remarquable tonique du cuir chevelu, le thym pr\u00e9vient ou, s\u2019il est d\u00e9j\u00e0 trop tard, freine la chute des cheveux, les \u00e9paissit et active leur repousse. Utilis\u00e9 en rin\u00e7age, apr\u00e8s le shampooing, il embellit [&hellip;]<\/p>\n","protected":false},"author":1741,"featured_media":0,"comment_status":"closed","ping_status":"closed","sticky":false,"template":"","format":"standard","meta":{"fifu_image_url":"","fifu_image_alt":"","footnotes":""},"categories":[73,53],"tags":[],"class_list":["post-70631","post","type-post","status-publish","format-standard","hentry","category-actualite","category-algerie"],"_links":{"self":[{"href":"https:\/\/linitiative.ca\/International\/wp-json\/wp\/v2\/posts\/70631","targetHints":{"allow":["GET"]}}],"collection":[{"href":"https:\/\/linitiative.ca\/International\/wp-json\/wp\/v2\/posts"}],"about":[{"href":"https:\/\/linitiative.ca\/International\/wp-json\/wp\/v2\/types\/post"}],"author":[{"embeddable":true,"href":"https:\/\/linitiative.ca\/International\/wp-json\/wp\/v2\/users\/1741"}],"replies":[{"embeddable":true,"href":"https:\/\/linitiative.ca\/International\/wp-json\/wp\/v2\/comments?post=70631"}],"version-history":[{"count":0,"href":"https:\/\/linitiative.ca\/International\/wp-json\/wp\/v2\/posts\/70631\/revisions"}],"wp:attachment":[{"href":"https:\/\/linitiative.ca\/International\/wp-json\/wp\/v2\/media?parent=70631"}],"wp:term":[{"taxonomy":"category","embeddable":true,"href":"https:\/\/linitiative.ca\/International\/wp-json\/wp\/v2\/categories?post=70631"},{"taxonomy":"post_tag","embeddable":true,"href":"https:\/\/linitiative.ca\/International\/wp-json\/wp\/v2\/tags?post=70631"}],"curies":[{"name":"wp","href":"https:\/\/api.w.org\/{rel}","templated":true}]}}