{"id":70632,"date":"2019-12-18T05:00:00","date_gmt":"2019-12-18T10:00:00","guid":{"rendered":"https:\/\/linitiative.ca\/International\/tagliatelles-aux-bleu-et-noix\/"},"modified":"2019-12-18T05:00:00","modified_gmt":"2019-12-18T10:00:00","slug":"tagliatelles-aux-bleu-et-noix","status":"publish","type":"post","link":"https:\/\/linitiative.ca\/International\/tagliatelles-aux-bleu-et-noix\/","title":{"rendered":"Tagliatelles aux bleu et noix"},"content":{"rendered":"<p><em><strong>2 personnes, 300 g de tagliatelles,150 g de fromage bleu type roquefort, 20 cl de cr\u00e8me liquide, 10 cl de lait, sel et poivre du moulin, cernaux de noix \u00e0 volont\u00e9\u00a0\u00a0<\/strong><\/em><\/p>\n<p>1 &#8211; Cuire les p\u00e2tes dans de l&rsquo;eau bouillante sal\u00e9e.\u00a0<br \/>2 &#8211; Dans une autre casserole faire fondre le fromage, la cr\u00e8me et le lait. Saler et poivrer. Laisser \u00e9paissir quelques minutes \u00e0 petits bouillons.<br \/>3 &#8211; Concasser la moiti\u00e9 des noix et les ajouter \u00e0 la sauce.<br \/>Pour finir<br \/>Verser la sauce sur les p\u00e2tes et garnir avec les cerneaux restants.<\/p>\n<p>Auteur:<br \/>\n<a href=\"https:\/\/www.lesoirdalgerie.com\/femme-magazine\/tagliatelles-aux-bleu-et-noix-35479\">Cliquez ici pour lire l&rsquo;article depuis sa source.<\/a><\/p>\n","protected":false},"excerpt":{"rendered":"<p>2 personnes, 300 g de tagliatelles,150 g de fromage bleu type roquefort, 20 cl de cr\u00e8me liquide, 10 cl de lait, sel et poivre du moulin, cernaux de noix \u00e0 volont\u00e9\u00a0\u00a0 1 &#8211; Cuire les p\u00e2tes dans de l&rsquo;eau bouillante sal\u00e9e.\u00a02 &#8211; Dans une autre casserole faire fondre le fromage, la cr\u00e8me et le lait. [&hellip;]<\/p>\n","protected":false},"author":1741,"featured_media":0,"comment_status":"closed","ping_status":"closed","sticky":false,"template":"","format":"standard","meta":{"fifu_image_url":"","fifu_image_alt":"","footnotes":""},"categories":[73,53],"tags":[],"class_list":["post-70632","post","type-post","status-publish","format-standard","hentry","category-actualite","category-algerie"],"_links":{"self":[{"href":"https:\/\/linitiative.ca\/International\/wp-json\/wp\/v2\/posts\/70632","targetHints":{"allow":["GET"]}}],"collection":[{"href":"https:\/\/linitiative.ca\/International\/wp-json\/wp\/v2\/posts"}],"about":[{"href":"https:\/\/linitiative.ca\/International\/wp-json\/wp\/v2\/types\/post"}],"author":[{"embeddable":true,"href":"https:\/\/linitiative.ca\/International\/wp-json\/wp\/v2\/users\/1741"}],"replies":[{"embeddable":true,"href":"https:\/\/linitiative.ca\/International\/wp-json\/wp\/v2\/comments?post=70632"}],"version-history":[{"count":0,"href":"https:\/\/linitiative.ca\/International\/wp-json\/wp\/v2\/posts\/70632\/revisions"}],"wp:attachment":[{"href":"https:\/\/linitiative.ca\/International\/wp-json\/wp\/v2\/media?parent=70632"}],"wp:term":[{"taxonomy":"category","embeddable":true,"href":"https:\/\/linitiative.ca\/International\/wp-json\/wp\/v2\/categories?post=70632"},{"taxonomy":"post_tag","embeddable":true,"href":"https:\/\/linitiative.ca\/International\/wp-json\/wp\/v2\/tags?post=70632"}],"curies":[{"name":"wp","href":"https:\/\/api.w.org\/{rel}","templated":true}]}}