{"id":70635,"date":"2019-12-18T16:09:02","date_gmt":"2019-12-18T21:09:02","guid":{"rendered":"https:\/\/linitiative.ca\/International\/le-fc-barcelone-et-le-real-madrid-se-neutralisent\/"},"modified":"2019-12-18T16:09:02","modified_gmt":"2019-12-18T21:09:02","slug":"le-fc-barcelone-et-le-real-madrid-se-neutralisent","status":"publish","type":"post","link":"https:\/\/linitiative.ca\/International\/le-fc-barcelone-et-le-real-madrid-se-neutralisent\/","title":{"rendered":"Le FC Barcelone et le R\u00e9al Madrid se neutralisent"},"content":{"rendered":"<div class=\"heateor_sss_sharing_container heateor_sss_horizontal_sharing\" heateor-sss-data-href=\"https:\/\/sport.tunisienumerique.com\/le-fc-barcelone-et-le-real-madrid-se-neutralisent\/\" heateor-sss-no-counts=\"1\">\n<div class=\"heateor_sss_sharing_title c3\">Cet article vous a \u00e9t\u00e9 utile? Partagez le, il int\u00e9ressera d\u2019autres personnes. Merci!<\/div>\n<ul class=\"heateor_sss_sharing_ul\">\n<li class=\"heateorSssSharingRound\"><em alt=\"Facebook\" title=\"Facebook\" class=\"heateorSssSharing heateorSssFacebookBackground c4\" onclick=\"heateorSssPopup(\"https:\/\/www.facebook.com\/sharer\/sharer.php?u=https%3A%2F%2Fsport.tunisienumerique.com%2Fle-fc-barcelone-et-le-real-madrid-se-neutralisent%2F\")\">\u00a0<\/em><\/li>\n<li class=\"heateorSssSharingRound\"><em alt=\"Twitter\" title=\"Twitter\" class=\"heateorSssSharing heateorSssTwitterBackground c4\" onclick=\"heateorSssPopup(\"http:\/\/twitter.com\/intent\/tweet?text=Le%20FC%20Barcelone%20et%20le%20R%C3%A9al%20Madrid%20se%20neutralisent&#038;url=https%3A%2F%2Fsport.tunisienumerique.com%2Fle-fc-barcelone-et-le-real-madrid-se-neutralisent%2F\")\">\u00a0<\/em><\/li>\n<li class=\"heateorSssSharingRound\"><em alt=\"Linkedin\" title=\"Linkedin\" class=\"heateorSssSharing heateorSssLinkedinBackground c4\" onclick=\"heateorSssPopup(\"http:\/\/www.linkedin.com\/shareArticle?mini=true&#038;url=https%3A%2F%2Fsport.tunisienumerique.com%2Fle-fc-barcelone-et-le-real-madrid-se-neutralisent%2F&#038;title=Le%20FC%20Barcelone%20et%20le%20R%C3%A9al%20Madrid%20se%20neutralisent\")\">\u00a0<\/em><\/li>\n<li class=\"heateorSssSharingRound\"><em alt=\"Google Gmail\" title=\"Google Gmail\" class=\"heateorSssSharing heateorSssGoogleGmailBackground c4\" onclick=\"heateorSssPopup(\"https:\/\/mail.google.com\/mail\/?ui=2&#038;view=cm&#038;fs=1&#038;tf=1&#038;su=Le%20FC%20Barcelone%20et%20le%20R%C3%A9al%20Madrid%20se%20neutralisent&#038;body=Link:https%3A%2F%2Fsport.tunisienumerique.com%2Fle-fc-barcelone-et-le-real-madrid-se-neutralisent%2F\")\">\u00a0<\/em><\/li>\n<li class=\"heateorSssSharingRound\"><em alt=\"Whatsapp\" title=\"Whatsapp\" class=\"heateorSssSharing heateorSssWhatsappBackground c4\"><a href=\"https:\/\/web.whatsapp.com\/send?text=Le%20FC%20Barcelone%20et%20le%20R%C3%A9al%20Madrid%20se%20neutralisent%20https%3A%2F%2Fsport.tunisienumerique.com%2Fle-fc-barcelone-et-le-real-madrid-se-neutralisent%2F\" rel=\"nofollow noopener noreferrer\" target=\"_blank\">\u00a0<\/a><\/em><\/li>\n<li class=\"heateorSssSharingRound\">\u00a0<\/li>\n<\/ul>\n<\/div>\n<p dir=\"ltr\">Dans un Clasico qui a manqu\u00e9 d\u2019\u00e9tincelles, le Bar\u00e7a et le Real Madrid se sont quitt\u00e9s\u00a0sur un nul.<\/p>\n<p dir=\"ltr\">Apr\u00e8s le premier Clasico de la saison, le FC Barcelone garde donc la t\u00eate de la Liga. Au Camp Nou, c\u2019est bien le Real Madrid qui a le plus domin\u00e9, mais les Merengue n\u2019ont jamais su tromper Ter Stegen.<\/p>\n<div class=\"code-block code-block-1 c6\"><ins class=\"adsbygoogle c5\" data-ad-layout=\"in-article\" data-ad-format=\"fluid\" data-ad-client=\"ca-pub-2102118777505746\" data-ad-slot=\"7301775417\"\/> <\/div>\n<p dir=\"ltr\">De leur c\u00f4t\u00e9, Suarez et les Blaugrana ont d\u00e9\u00e7u, m\u00eame si, avec du r\u00e9alisme, ils auraient pu l\u2019emporter (0-0).<\/p>\n<p><\/p>\n<div class=\"heateor_sss_sharing_container heateor_sss_horizontal_sharing\" heateor-sss-data-href=\"https:\/\/sport.tunisienumerique.com\/le-fc-barcelone-et-le-real-madrid-se-neutralisent\/\" heateor-sss-no-counts=\"1\">\n<div class=\"heateor_sss_sharing_title c3\">Cet article vous a \u00e9t\u00e9 utile? Partagez le, il int\u00e9ressera d\u2019autres personnes. Merci!<\/div>\n<ul class=\"heateor_sss_sharing_ul\">\n<li class=\"heateorSssSharingRound\"><em alt=\"Facebook\" title=\"Facebook\" class=\"heateorSssSharing heateorSssFacebookBackground c4\" onclick=\"heateorSssPopup(\"https:\/\/www.facebook.com\/sharer\/sharer.php?u=https%3A%2F%2Fsport.tunisienumerique.com%2Fle-fc-barcelone-et-le-real-madrid-se-neutralisent%2F\")\">\u00a0<\/em><\/li>\n<li class=\"heateorSssSharingRound\"><em alt=\"Twitter\" title=\"Twitter\" class=\"heateorSssSharing heateorSssTwitterBackground c4\" onclick=\"heateorSssPopup(\"http:\/\/twitter.com\/intent\/tweet?text=Le%20FC%20Barcelone%20et%20le%20R%C3%A9al%20Madrid%20se%20neutralisent&#038;url=https%3A%2F%2Fsport.tunisienumerique.com%2Fle-fc-barcelone-et-le-real-madrid-se-neutralisent%2F\")\">\u00a0<\/em><\/li>\n<li class=\"heateorSssSharingRound\"><em alt=\"Linkedin\" title=\"Linkedin\" class=\"heateorSssSharing heateorSssLinkedinBackground c4\" onclick=\"heateorSssPopup(\"http:\/\/www.linkedin.com\/shareArticle?mini=true&#038;url=https%3A%2F%2Fsport.tunisienumerique.com%2Fle-fc-barcelone-et-le-real-madrid-se-neutralisent%2F&#038;title=Le%20FC%20Barcelone%20et%20le%20R%C3%A9al%20Madrid%20se%20neutralisent\")\">\u00a0<\/em><\/li>\n<li class=\"heateorSssSharingRound\"><em alt=\"Google Gmail\" title=\"Google Gmail\" class=\"heateorSssSharing heateorSssGoogleGmailBackground c4\" onclick=\"heateorSssPopup(\"https:\/\/mail.google.com\/mail\/?ui=2&#038;view=cm&#038;fs=1&#038;tf=1&#038;su=Le%20FC%20Barcelone%20et%20le%20R%C3%A9al%20Madrid%20se%20neutralisent&#038;body=Link:https%3A%2F%2Fsport.tunisienumerique.com%2Fle-fc-barcelone-et-le-real-madrid-se-neutralisent%2F\")\">\u00a0<\/em><\/li>\n<li class=\"heateorSssSharingRound\"><em alt=\"Whatsapp\" title=\"Whatsapp\" class=\"heateorSssSharing heateorSssWhatsappBackground c4\"><a href=\"https:\/\/web.whatsapp.com\/send?text=Le%20FC%20Barcelone%20et%20le%20R%C3%A9al%20Madrid%20se%20neutralisent%20https%3A%2F%2Fsport.tunisienumerique.com%2Fle-fc-barcelone-et-le-real-madrid-se-neutralisent%2F\" rel=\"nofollow noopener noreferrer\" target=\"_blank\">\u00a0<\/a><\/em><\/li>\n<li class=\"heateorSssSharingRound\">\u00a0<\/li>\n<\/ul>\n<\/div>\n<div class=\"mvp-org-wrap mvp-org-logo\" itemprop=\"publisher\" itemscope=\"\" itemtype=\"https:\/\/schema.org\/Organization\"><img decoding=\"async\" src=\"https:\/\/sport.tunisienumerique.com\/wp-content\/uploads\/2017\/05\/logo_tunisie_numerique.png\"\/><\/div>\n<div class=\"mvp-related-posts left relative\">\n<h4 class=\"post-header\"><span class=\"post-header\">Lire aussi<\/span><\/h4>\n<\/div>\n<p>Auteur: a.<br \/>\n<a href=\"https:\/\/sport.tunisienumerique.com\/le-fc-barcelone-et-le-real-madrid-se-neutralisent\/\">Cliquez ici pour lire l&rsquo;article depuis sa source.<\/a><\/p>\n","protected":false},"excerpt":{"rendered":"<p>Cet article vous a \u00e9t\u00e9 utile? Partagez le, il int\u00e9ressera d\u2019autres personnes. Merci! \u00a0 \u00a0 \u00a0 \u00a0 \u00a0 \u00a0 Dans un Clasico qui a manqu\u00e9 d\u2019\u00e9tincelles, le Bar\u00e7a et le Real Madrid se sont quitt\u00e9s\u00a0sur un nul. Apr\u00e8s le premier Clasico de la saison, le FC Barcelone garde donc la t\u00eate de la Liga. Au [&hellip;]<\/p>\n","protected":false},"author":1789,"featured_media":70636,"comment_status":"closed","ping_status":"closed","sticky":false,"template":"","format":"standard","meta":{"fifu_image_url":"","fifu_image_alt":"","footnotes":""},"categories":[73,55],"tags":[],"class_list":["post-70635","post","type-post","status-publish","format-standard","has-post-thumbnail","hentry","category-actualite","category-tunisie"],"_links":{"self":[{"href":"https:\/\/linitiative.ca\/International\/wp-json\/wp\/v2\/posts\/70635","targetHints":{"allow":["GET"]}}],"collection":[{"href":"https:\/\/linitiative.ca\/International\/wp-json\/wp\/v2\/posts"}],"about":[{"href":"https:\/\/linitiative.ca\/International\/wp-json\/wp\/v2\/types\/post"}],"author":[{"embeddable":true,"href":"https:\/\/linitiative.ca\/International\/wp-json\/wp\/v2\/users\/1789"}],"replies":[{"embeddable":true,"href":"https:\/\/linitiative.ca\/International\/wp-json\/wp\/v2\/comments?post=70635"}],"version-history":[{"count":0,"href":"https:\/\/linitiative.ca\/International\/wp-json\/wp\/v2\/posts\/70635\/revisions"}],"wp:featuredmedia":[{"embeddable":true,"href":"https:\/\/linitiative.ca\/International\/wp-json\/"}],"wp:attachment":[{"href":"https:\/\/linitiative.ca\/International\/wp-json\/wp\/v2\/media?parent=70635"}],"wp:term":[{"taxonomy":"category","embeddable":true,"href":"https:\/\/linitiative.ca\/International\/wp-json\/wp\/v2\/categories?post=70635"},{"taxonomy":"post_tag","embeddable":true,"href":"https:\/\/linitiative.ca\/International\/wp-json\/wp\/v2\/tags?post=70635"}],"curies":[{"name":"wp","href":"https:\/\/api.w.org\/{rel}","templated":true}]}}