{"id":70641,"date":"2019-12-18T16:52:32","date_gmt":"2019-12-18T21:52:32","guid":{"rendered":"https:\/\/linitiative.ca\/International\/tunisie-chahed-je-ne-ferai-pas-partie-du-gouvernement-de-habib-jemli\/"},"modified":"2019-12-18T16:52:32","modified_gmt":"2019-12-18T21:52:32","slug":"tunisie-chahed-je-ne-ferai-pas-partie-du-gouvernement-de-habib-jemli","status":"publish","type":"post","link":"https:\/\/linitiative.ca\/International\/tunisie-chahed-je-ne-ferai-pas-partie-du-gouvernement-de-habib-jemli\/","title":{"rendered":"Tunisie \u2013 Chahed\u00a0: je ne ferai pas partie du gouvernement de Habib Jemli"},"content":{"rendered":"<div class=\"post-cont-in left relative\">\n<div class=\"swp_social_panel swp_horizontal_panel swp_flat_fresh swp_default_full_color swp_individual_full_color swp_other_full_color scale-100 scale-\" data-min-width=\"1100\" data-float-color=\"#ffffff\" data-float=\"none\" data-float-mobile=\"none\" data-transition=\"slide\">\n<div class=\"nc_tweetContainer swp_share_button total_shares total_sharesalt\"><span class=\"swp_count\">12 <span class=\"swp_label\">Partages<\/span><\/span><\/div>\n<\/div>\n<p>Le chef du gouvernement sortant, Youssef Chahed a d\u00e9menti, ce soir \u00e0 la TV, les rumeurs faisant \u00e9tat de sa participation au prochain gouvernement, au poste de ministre des Affaires Etrang\u00e8res.<\/p>\n<div class=\"code-block code-block-1 c3\"><ins class=\"adsbygoogle c2\" data-ad-layout=\"in-article\" data-ad-format=\"fluid\" data-ad-client=\"ca-pub-2102118777505746\" data-ad-slot=\"7301775417\"\/> <\/div>\n<p>Il a assur\u00e9 qu\u2019il ne fera pas partie de ce gouvernement, conform\u00e9ment \u00e0 la d\u00e9cision coll\u00e9giale de son parti, Tahya Tounes.<\/p>\n<p>Il a ajout\u00e9 qu\u2019il ne s\u2019agit pas de participer \u00e0 un gouvernement, juste pour lui assurer le nombre de voix suffisant puis de se retrouver apr\u00e8s dans de grandes difficult\u00e9s.<\/p>\n<p>Chahed a assur\u00e9 que les projets du prochain gouvernement ne correspondent en rien au programme de Tahya Tounes, issu de la r\u00e9alit\u00e9 de l\u2019exercice du pouvoir durant les trois derni\u00e8res ann\u00e9es. Son parti sera, de ce fait, dans l\u2019opposition, sans pour autant, \u0153uvrer \u00e0 bloquer le travail l\u2019\u00e9quipe au pouvoir.<\/p>\n<p><strong>Que se passe-t-il en Tunisie?<\/strong><br \/>Nous expliquons sur notre <a href=\"https:\/\/www.youtube.com\/channel\/UCRzypVq0B_yBad5eGrwBx0Q?sub_confirmation=1\" target=\"_blank\" rel=\"noopener noreferrer\">cha\u00eene YouTube<\/a> . <a href=\"https:\/\/www.youtube.com\/channel\/UCRzypVq0B_yBad5eGrwBx0Q?sub_confirmation=1\" target=\"_blank\" rel=\"noopener noreferrer\">Abonnez-vous!<\/a><\/p>\n<div class=\"mvp-org-wrap mvp-org-logo\" itemprop=\"publisher\" itemscope=\"\" itemtype=\"https:\/\/schema.org\/Organization\"><img decoding=\"async\" src=\"https:\/\/www.tunisienumerique.com\/wp-content\/uploads\/2017\/02\/logo_tunisie_numerique.png\"\/><\/div>\n<div class=\"swp_social_panel swp_horizontal_panel swp_flat_fresh swp_default_full_color swp_individual_full_color swp_other_full_color scale-100 scale-\" data-min-width=\"1100\" data-float-color=\"#ffffff\" data-float=\"none\" data-float-mobile=\"none\" data-transition=\"slide\">\n<div class=\"nc_tweetContainer swp_share_button total_shares total_sharesalt\"><span class=\"swp_count\">12 <span class=\"swp_label\">Partages<\/span><\/span><\/div>\n<\/div>\n<div class=\"mvp-related-posts left relative\">\n<h4 class=\"post-header\"><span class=\"post-header\">Lire aussi<\/span><\/h4>\n<\/div>\n<\/div>\n<p>Auteur: LM<br \/>\n<a href=\"https:\/\/www.tunisienumerique.com\/tunisie-chahed-je-ne-ferai-pas-partie-du-gouvernement-de-habib-jemli\/\">Cliquez ici pour lire l&rsquo;article depuis sa source.<\/a><\/p>\n","protected":false},"excerpt":{"rendered":"<p>12 Partages Le chef du gouvernement sortant, Youssef Chahed a d\u00e9menti, ce soir \u00e0 la TV, les rumeurs faisant \u00e9tat de sa participation au prochain gouvernement, au poste de ministre des Affaires Etrang\u00e8res. Il a assur\u00e9 qu\u2019il ne fera pas partie de ce gouvernement, conform\u00e9ment \u00e0 la d\u00e9cision coll\u00e9giale de son parti, Tahya Tounes. Il [&hellip;]<\/p>\n","protected":false},"author":1789,"featured_media":70642,"comment_status":"closed","ping_status":"closed","sticky":false,"template":"","format":"standard","meta":{"fifu_image_url":"","fifu_image_alt":"","footnotes":""},"categories":[73,55],"tags":[],"class_list":["post-70641","post","type-post","status-publish","format-standard","has-post-thumbnail","hentry","category-actualite","category-tunisie"],"_links":{"self":[{"href":"https:\/\/linitiative.ca\/International\/wp-json\/wp\/v2\/posts\/70641","targetHints":{"allow":["GET"]}}],"collection":[{"href":"https:\/\/linitiative.ca\/International\/wp-json\/wp\/v2\/posts"}],"about":[{"href":"https:\/\/linitiative.ca\/International\/wp-json\/wp\/v2\/types\/post"}],"author":[{"embeddable":true,"href":"https:\/\/linitiative.ca\/International\/wp-json\/wp\/v2\/users\/1789"}],"replies":[{"embeddable":true,"href":"https:\/\/linitiative.ca\/International\/wp-json\/wp\/v2\/comments?post=70641"}],"version-history":[{"count":0,"href":"https:\/\/linitiative.ca\/International\/wp-json\/wp\/v2\/posts\/70641\/revisions"}],"wp:featuredmedia":[{"embeddable":true,"href":"https:\/\/linitiative.ca\/International\/wp-json\/"}],"wp:attachment":[{"href":"https:\/\/linitiative.ca\/International\/wp-json\/wp\/v2\/media?parent=70641"}],"wp:term":[{"taxonomy":"category","embeddable":true,"href":"https:\/\/linitiative.ca\/International\/wp-json\/wp\/v2\/categories?post=70641"},{"taxonomy":"post_tag","embeddable":true,"href":"https:\/\/linitiative.ca\/International\/wp-json\/wp\/v2\/tags?post=70641"}],"curies":[{"name":"wp","href":"https:\/\/api.w.org\/{rel}","templated":true}]}}