{"id":70645,"date":"2019-12-17T19:29:41","date_gmt":"2019-12-18T00:29:41","guid":{"rendered":"https:\/\/linitiative.ca\/International\/70e-anniversaire-de-la-naissance-de-thomas-sankara\/"},"modified":"2019-12-17T19:29:41","modified_gmt":"2019-12-18T00:29:41","slug":"70e-anniversaire-de-la-naissance-de-thomas-sankara","status":"publish","type":"post","link":"https:\/\/linitiative.ca\/International\/70e-anniversaire-de-la-naissance-de-thomas-sankara\/","title":{"rendered":"70e anniversaire de la naissance  de Thomas Sankara"},"content":{"rendered":"<div class=\"td-post-featured-image\"><a href=\"https:\/\/i1.wp.com\/www.sidwaya.info\/wp-content\/uploads\/2019\/12\/thomSank.gif?fit=676%2C348&#038;ssl=1\" data-caption=\"\"><img loading=\"lazy\" decoding=\"async\" width=\"676\" height=\"348\" class=\"entry-thumb td-modal-image\" src=\"https:\/\/i1.wp.com\/www.sidwaya.info\/wp-content\/uploads\/2019\/12\/thomSank.gif?resize=676%2C348&#038;ssl=1\" alt=\"\" title=\"thomSank\"\/><\/a><\/div>\n<p><strong>Un regroupement de jeunes veulent marquer d\u2019une pierre blanche, le 70e anniversaire de la naissance du capitaine Thomas Isidore No\u00ebl Sankara, le 21 d\u00e9cembre 2019 \u00e0 Ouagadougou. Ils l\u2019ont fait savoir, le lundi 16 d\u00e9cembre 2019, au cours d\u2019une conf\u00e9rence de presse.<\/strong><\/p>\n<p>Vivant, le p\u00e8re de la R\u00e9volution d\u2019ao\u00fbt 1983 aurait eu 70 ans, le 21 d\u00e9cembre 2019.<br \/>Un regroupement \u00ab\u00a0spontan\u00e9\u00a0\u00bb de jeunes Burkinab\u00e8 veulent marquer d\u2019une pierre blanche cette date anniversaire de Thomas Sankara. A travers une conf\u00e9rence de presse le lundi 16 d\u00e9cembre \u00e0 Ouagadougou, le comit\u00e9 d\u2019organisation a donn\u00e9 les diff\u00e9rentes articulations de cette activit\u00e9. \u00ab\u00a0Beaucoup de jeunes Burkinab\u00e8 connaissent Thomas Sankara, l\u2019homme politique, Thomas Sankara le militaire mais tr\u00e8s peu connaissent sa vie priv\u00e9e \u00bb, a lanc\u00e9 d\u2019entr\u00e9e, le pr\u00e9sident du comit\u00e9 d\u2019organisation, Innocent Nana. Selon lui, l\u2019objectif de cette initiative est d\u2019apporter une contribution citoyenne \u00e0 la lutte pour la promotion des valeurs l\u00e9gu\u00e9es par le capitaine Thomas Sankara. Sp\u00e9cifiquement, a-t-il poursuivi, il s\u2019agira d\u2019immortaliser Sankara par la c\u00e9l\u00e9bration de sa date de naissance, de consolider et promouvoir toutes ses id\u00e9es et de susciter un r\u00e9veil patriotique burkinab\u00e8 et africain.<br \/>Enfin, cette initiative vise, a-t-il fait savoir, \u00e0 amener la jeunesse et les dirigeants \u00e0 s\u2019approprier les id\u00e9es et les diff\u00e9rentes strat\u00e9gies de lutte de \u00ab\u00a0l\u2019homme\u00a0\u00bb sur tous les plans. Au cours de la conf\u00e9rence, le pr\u00e9sident du comit\u00e9 d\u2019organisation a indiqu\u00e9 que tout se passera le 21 d\u00e9cembre 2019 au Centre national de presse Norbert Zongo. \u00ab\u00a0De 13h \u00e0 17h30, il y aura des projections de films sur la vie du Capitaine Thomas Sankara, suivies de t\u00e9moignages\u00a0de sa famille et de ses anciens collaborateurs \u00bb, a-t-il termin\u00e9.<\/p>\n<div class=\"td-a-rec td-a-rec-id-content_inline tdi_30_3f4 td_block_template_1\"><a href=\"https:\/\/www.sidwaya.info\/wp-content\/uploads\/2019\/12\/Bandeau-11-De%CC%81cembre-3.jpg\"><img loading=\"lazy\" decoding=\"async\" src=\"https:\/\/www.sidwaya.info\/wp-content\/uploads\/2019\/12\/Bandeau-11-De%CC%81cembre-3.jpg\" alt=\"\" width=\"720\" height=\"90\" class=\"aligncenter size-full wp-image-17180\"\/><\/a><\/div>\n<p>Obissa Juste MIEN<br \/>Collaborateur<\/p>\n<div class=\"td-a-rec td-a-rec-id-content_bottom tdi_31_f9c td_block_template_1\"><img loading=\"lazy\" decoding=\"async\" class=\"aligncenter size-full wp-image-9623\" src=\"https:\/\/www.sidwaya.info\/wp-content\/uploads\/2019\/06\/Projet-bannie%CC%80re-Orange-mobile.jpg\" alt=\"\" width=\"728\" height=\"81\"\/><\/div>\n<p>Auteur: BM. Sidwaya<br \/>\n<a href=\"https:\/\/www.sidwaya.info\/blog\/2019\/12\/18\/70e-anniversaire-de-la-naissance-de-thomas-sankara\/\">Cliquez ici pour lire l&rsquo;article depuis sa source.<\/a><\/p>\n","protected":false},"excerpt":{"rendered":"<p>Un regroupement de jeunes veulent marquer d\u2019une pierre blanche, le 70e anniversaire de la naissance du capitaine Thomas Isidore No\u00ebl Sankara, le 21 d\u00e9cembre 2019 \u00e0 Ouagadougou. Ils l\u2019ont fait savoir, le lundi 16 d\u00e9cembre 2019, au cours d\u2019une conf\u00e9rence de presse. Vivant, le p\u00e8re de la R\u00e9volution d\u2019ao\u00fbt 1983 aurait eu 70 ans, le [&hellip;]<\/p>\n","protected":false},"author":1816,"featured_media":0,"comment_status":"closed","ping_status":"closed","sticky":false,"template":"","format":"standard","meta":{"fifu_image_url":"","fifu_image_alt":"","footnotes":""},"categories":[73,81],"tags":[],"class_list":["post-70645","post","type-post","status-publish","format-standard","hentry","category-actualite","category-burkina-faso"],"_links":{"self":[{"href":"https:\/\/linitiative.ca\/International\/wp-json\/wp\/v2\/posts\/70645","targetHints":{"allow":["GET"]}}],"collection":[{"href":"https:\/\/linitiative.ca\/International\/wp-json\/wp\/v2\/posts"}],"about":[{"href":"https:\/\/linitiative.ca\/International\/wp-json\/wp\/v2\/types\/post"}],"author":[{"embeddable":true,"href":"https:\/\/linitiative.ca\/International\/wp-json\/wp\/v2\/users\/1816"}],"replies":[{"embeddable":true,"href":"https:\/\/linitiative.ca\/International\/wp-json\/wp\/v2\/comments?post=70645"}],"version-history":[{"count":0,"href":"https:\/\/linitiative.ca\/International\/wp-json\/wp\/v2\/posts\/70645\/revisions"}],"wp:attachment":[{"href":"https:\/\/linitiative.ca\/International\/wp-json\/wp\/v2\/media?parent=70645"}],"wp:term":[{"taxonomy":"category","embeddable":true,"href":"https:\/\/linitiative.ca\/International\/wp-json\/wp\/v2\/categories?post=70645"},{"taxonomy":"post_tag","embeddable":true,"href":"https:\/\/linitiative.ca\/International\/wp-json\/wp\/v2\/tags?post=70645"}],"curies":[{"name":"wp","href":"https:\/\/api.w.org\/{rel}","templated":true}]}}