{"id":70646,"date":"2019-12-17T19:34:40","date_gmt":"2019-12-18T00:34:40","guid":{"rendered":"https:\/\/linitiative.ca\/International\/la-tambouille-algerienne\/"},"modified":"2019-12-17T19:34:40","modified_gmt":"2019-12-18T00:34:40","slug":"la-tambouille-algerienne","status":"publish","type":"post","link":"https:\/\/linitiative.ca\/International\/la-tambouille-algerienne\/","title":{"rendered":"La tambouille alg\u00e9rienne"},"content":{"rendered":"<div class=\"td-post-featured-image\"><a href=\"https:\/\/i0.wp.com\/www.sidwaya.info\/wp-content\/uploads\/2019\/12\/mercure18.gif?fit=348%2C129&#038;ssl=1\" data-caption=\"\"><img loading=\"lazy\" decoding=\"async\" width=\"348\" height=\"129\" class=\"entry-thumb td-modal-image\" src=\"https:\/\/i0.wp.com\/www.sidwaya.info\/wp-content\/uploads\/2019\/12\/mercure18.gif?resize=348%2C129&#038;ssl=1\" alt=\"\" title=\"mercure18\"\/><\/a><\/div>\n<p>L\u2019ex-Premier ministre, Abdelmadjid Tebboune, vainqueur de l\u2019\u00e9lection pr\u00e9sidentielle alg\u00e9rienne du 12 d\u00e9cembre 2019, succ\u00e9dera \u00e0 Abdelaziz Bouteflika, contraint \u00e0 la d\u00e9mission en avril 2019 par un mouvement populaire in\u00e9dit de contestation. Selon les r\u00e9sultats d\u00e9finitifs proclam\u00e9s le lundi 16 d\u00e9cembre 2019 \u00e0 Alger par le Conseil constitutionnel, Tebboune arrive en t\u00eate avec 58,13% devant l\u2019islamiste Abdelkader Bengrina qui a recueilli 17,37% des voix. Ali Benflis, un autre ancien Premier ministre de Bouteflika, compl\u00e8te le trio avec 10,55% des suffrages. On peut cependant se demander comment le nouveau pr\u00e9sident alg\u00e9rien va gouverner le pays, vu qu\u2019au lendemain de sa victoire, le \u00ab\u00a0Hirak\u00a0\u00bb,\u00a0 le mouvement contestataire, est redescendu dans la rue pour protester contre la tenue du scrutin. Une mar\u00e9e humaine s\u2019est d\u00e9ploy\u00e9e dans le centre d\u2019Alger aux cris de \u00ab\u00a0vos \u00e9lections ne nous concernent pas et votre pr\u00e9sident ne nous gouvernera pas\u00a0\u00bb. Les marcheurs voient en l\u2019\u00e9lection de Tebboune, ex-fid\u00e8le du chef de l\u2019Etat d\u00e9chu, Bouteflika, une man\u0153uvre du syst\u00e8me pour se maintenir au pouvoir. Tr\u00e8s d\u00e9termin\u00e9s, les protestataires ont refus\u00e9 la main tendue par le nouveau chef de l\u2019Etat lors de la premi\u00e8re conf\u00e9rence de presse apr\u00e8s son \u00e9lection, pr\u00e9f\u00e9rant plut\u00f4t appeler les Alg\u00e9riens qui h\u00e9sitent encore \u00e0 rejoindre le mouvement \u00e0 le faire. Pendant ce temps, du c\u00f4t\u00e9 du pouvoir, l\u2019on met les bouch\u00e9es doubles pour la passation des charges entre Abdelmadjid Tebboune dont la victoire vient d\u2019\u00eatre valid\u00e9e par les sages du Conseil constitutionnel et Abdelkader Bensalah, qui assure les fonctions de chef de l\u2019Etat par int\u00e9rim depuis le 9 avril 2019. Le climat qui pr\u00e9vaut actuellement dans la capitale alg\u00e9rienne ne pr\u00e9sage pas des lendemains meilleurs. En effet, apr\u00e8s le refus de la perche tendue par le pr\u00e9sident aux marcheurs, certains observateurs qui suivent l\u2019\u00e9volution de la situation en Alg\u00e9rie, craignent une \u00e9ventuelle r\u00e9pression des manifestants qui s\u2019opposent \u00e0 toute id\u00e9e de dialogue. Le chef d\u2019Etat et vice-ministre de la d\u00e9fense, le g\u00e9n\u00e9ral Ga\u00efd Salah et ses hommes, tels qu\u2019on les conna\u00eet, ne vont pas h\u00e9siter \u00e0 opposer la force aux manifestants pour permettre \u00e0 la c\u00e9r\u00e9monie de prestation de serment de se tenir comme le veut la Constitution alg\u00e9rienne (une semaine apr\u00e8s la validation des r\u00e9sultats). Le gal Ga\u00efd Salah qui avait pes\u00e9 de tout son poids pour faire partir le chef de l\u2019Etat grabataire Bouteklika, reste sans conteste, l\u2019homme fort de l\u2019Alg\u00e9rie. Si les frondeurs ont boud\u00e9 le scrutin parce que c\u2019est leur droit, ils n\u2019auront pas la libert\u00e9 d\u2019organiser \u00e9ternellement des manifestations troubles dans le pays. Apr\u00e8s la tenue de l\u2019\u00e9lection, c\u2019est un devoir pour les forces de d\u00e9fense et de s\u00e9curit\u00e9 de prendre les dispositions pour faire respecter la loi. Au regard de cette situation tr\u00e8s pr\u00e9occupante, le \u00ab\u00a0Hirak\u00a0\u00bb et le pouvoir gagneraient \u00e0 faire pr\u00e9valoir l\u2019esprit de dialogue afin de permettre au pays, un retour \u00e0 l\u2019ordre constitutionnel normal et relancer les chantiers du d\u00e9veloppement. Car les marches \u00e0 r\u00e9p\u00e9tition qui agitent le pays depuis la chute du r\u00e9gime Bouteflika, ont plong\u00e9 l\u2019Alg\u00e9rie dans une crise \u00e9conomique marqu\u00e9e par le ralentissement des affaires et le d\u00e9part de nombreux investisseurs. Il appartient donc aux deux camps de faire des concessions pour esp\u00e9rer trouver un terrain d\u2019entente et sauver l\u2019essentiel. Sinon, rendre le pays ingouvernable ne sera pas profitable ni aux manifestants ni au r\u00e9gime en place. Apr\u00e8s des r\u00e8gnes sans partage de chefs d\u2019Etat qui ont dirig\u00e9 d\u2019une main de fer l\u2019Alg\u00e9rie, il est temps pour le peuple alg\u00e9rien de tourner les pages sombres de son histoire et envisager l\u2019avenir avec plus de s\u00e9r\u00e9nit\u00e9\u00a0!<\/p>\n<p>Beyon Romain NEBIE<br \/>nbeyonromin@yahoo.fr<\/p>\n<div class=\"td-a-rec td-a-rec-id-content_inline tdi_30_d5d td_block_template_1\"><a href=\"https:\/\/www.sidwaya.info\/wp-content\/uploads\/2019\/12\/Bandeau-11-De%CC%81cembre-3.jpg\"><img loading=\"lazy\" decoding=\"async\" src=\"https:\/\/www.sidwaya.info\/wp-content\/uploads\/2019\/12\/Bandeau-11-De%CC%81cembre-3.jpg\" alt=\"\" width=\"720\" height=\"90\" class=\"aligncenter size-full wp-image-17180\"\/><\/a><\/div>\n<div class=\"td-a-rec td-a-rec-id-content_bottom tdi_31_52a td_block_template_1\"><img loading=\"lazy\" decoding=\"async\" class=\"aligncenter size-full wp-image-9623\" src=\"https:\/\/www.sidwaya.info\/wp-content\/uploads\/2019\/06\/Projet-bannie%CC%80re-Orange-mobile.jpg\" alt=\"\" width=\"728\" height=\"81\"\/><\/div>\n<p>Auteur: BM. Sidwaya<br \/>\n<a href=\"https:\/\/www.sidwaya.info\/blog\/2019\/12\/18\/la-tambouille-algerienne\/\">Cliquez ici pour lire l&rsquo;article depuis sa source.<\/a><\/p>\n","protected":false},"excerpt":{"rendered":"<p>L\u2019ex-Premier ministre, Abdelmadjid Tebboune, vainqueur de l\u2019\u00e9lection pr\u00e9sidentielle alg\u00e9rienne du 12 d\u00e9cembre 2019, succ\u00e9dera \u00e0 Abdelaziz Bouteflika, contraint \u00e0 la d\u00e9mission en avril 2019 par un mouvement populaire in\u00e9dit de contestation. Selon les r\u00e9sultats d\u00e9finitifs proclam\u00e9s le lundi 16 d\u00e9cembre 2019 \u00e0 Alger par le Conseil constitutionnel, Tebboune arrive en t\u00eate avec 58,13% devant l\u2019islamiste [&hellip;]<\/p>\n","protected":false},"author":1816,"featured_media":0,"comment_status":"closed","ping_status":"closed","sticky":false,"template":"","format":"standard","meta":{"fifu_image_url":"","fifu_image_alt":"","footnotes":""},"categories":[73,81],"tags":[],"class_list":["post-70646","post","type-post","status-publish","format-standard","hentry","category-actualite","category-burkina-faso"],"_links":{"self":[{"href":"https:\/\/linitiative.ca\/International\/wp-json\/wp\/v2\/posts\/70646","targetHints":{"allow":["GET"]}}],"collection":[{"href":"https:\/\/linitiative.ca\/International\/wp-json\/wp\/v2\/posts"}],"about":[{"href":"https:\/\/linitiative.ca\/International\/wp-json\/wp\/v2\/types\/post"}],"author":[{"embeddable":true,"href":"https:\/\/linitiative.ca\/International\/wp-json\/wp\/v2\/users\/1816"}],"replies":[{"embeddable":true,"href":"https:\/\/linitiative.ca\/International\/wp-json\/wp\/v2\/comments?post=70646"}],"version-history":[{"count":0,"href":"https:\/\/linitiative.ca\/International\/wp-json\/wp\/v2\/posts\/70646\/revisions"}],"wp:attachment":[{"href":"https:\/\/linitiative.ca\/International\/wp-json\/wp\/v2\/media?parent=70646"}],"wp:term":[{"taxonomy":"category","embeddable":true,"href":"https:\/\/linitiative.ca\/International\/wp-json\/wp\/v2\/categories?post=70646"},{"taxonomy":"post_tag","embeddable":true,"href":"https:\/\/linitiative.ca\/International\/wp-json\/wp\/v2\/tags?post=70646"}],"curies":[{"name":"wp","href":"https:\/\/api.w.org\/{rel}","templated":true}]}}