{"id":70647,"date":"2019-12-17T19:38:17","date_gmt":"2019-12-18T00:38:17","guid":{"rendered":"https:\/\/linitiative.ca\/International\/kaya-des-deplaces-sans-vivres\/"},"modified":"2019-12-17T19:38:17","modified_gmt":"2019-12-18T00:38:17","slug":"kaya-des-deplaces-sans-vivres","status":"publish","type":"post","link":"https:\/\/linitiative.ca\/International\/kaya-des-deplaces-sans-vivres\/","title":{"rendered":"Kaya\u00a0: des d\u00e9plac\u00e9s\u00a0sans vivres"},"content":{"rendered":"<p>Kaya\u00a0: des d\u00e9plac\u00e9s\u00a0sans vivres<br \/>Kantigui a constat\u00e9 un dysfonctionnement dans la distribution des vivres aux Personnes d\u00e9plac\u00e9es internes (PDI) de Kaya. En effet, pendant que certains d\u2019entre eux vendent \u00e0 vil prix leurs provisions, d\u2019autres peinent \u00e0 recevoir leur premi\u00e8re dotation. \u00ab Depuis plus de six mois, j\u2019ai effectu\u00e9 plus de 30 va-et-vient entre notre site d\u2019accueil et la place de la marie de Kaya. Je n\u2019ai jamais entendu mon nom. Chaque fois, on nous dit de revenir dans trois jours \u00bb, a confi\u00e9 \u00e0 Kantigui une ressortissante de Ringa, dans la commune de Barsalogho.<br \/>De ce qui est revenu \u00e0 Kantigui, de nombreuses familles, des veuves et des orphelins qui vivent dans le d\u00e9sarroi s\u2019interrogent sur le m\u00e9canisme de distribution des vivres. Ce qui est d\u2019autant plus indignant, a relev\u00e9 une autre source de Kantigui, c\u2019est qu\u2019au m\u00eame moment, des vivres sont revendus sur le march\u00e9. Le prix du sac de riz de 50 kg oscille entre 10\u00a0000 et 12\u00a0500 F CFA. Il est m\u00eame revenu \u00e0 Kantigui que certains d\u00e9plac\u00e9s s\u2019en sont plaints aux autorit\u00e9s. Pire, a-t-on rapport\u00e9 \u00e0 Kantigui, certaines associations et communaut\u00e9s h\u00f4tes se transforment en agents de l\u2019action sociale pour recenser des PDI afin de r\u00e9cup\u00e9rer leurs vivres. Il est donc n\u00e9cessaire que le Conseil d\u00e9partemental de secours d\u2019urgence et de r\u00e9habilitation (CODESUR) de Kaya prenne des dispositions, afin de soulager les souffrances des populations en d\u00e9tresse.<\/p>\n<p>D\u00e9cor\u00e9, malgr\u00e9 sa condamnation en justice<br \/>Le 11 d\u00e9cembre 2019, Kantigui a fait le d\u00e9placement de Fada N\u2019Gourma pour participer \u00e0 la d\u00e9coration de l\u2019un de ses proches, \u00e0 l\u2019occasion de la c\u00e9r\u00e9monie comm\u00e9morative du 59e anniversaire de l\u2019accession du Burkina Faso \u00e0 la souverainet\u00e9 nationale. Un \u00e9v\u00e8nement solennel au cours duquel 80 acteurs des secteurs public et priv\u00e9 ont \u00e9t\u00e9 d\u00e9cor\u00e9s. Kantigui s\u2019est rendu compte que parmi les r\u00e9cipiendaires de la province de la Tapoa, le maire de la commune de Logobou, Kondioa Yonli, a \u00e9t\u00e9 distingu\u00e9 de la M\u00e9daille d\u2019honneur des collectivit\u00e9s locales. Pourtant, Kantigui se rappelle qu\u2019il y a trois semaines de cela, celui-ci a \u00e9t\u00e9 reconnu coupable de conflit d\u2019int\u00e9r\u00eat et, de ce fait, condamn\u00e9 \u00e0 18 mois de prison avec sursis, assortis d\u2019une amende de deux millions F CFA. Une situation, a constat\u00e9 Kantigui, qui fait couler beaucoup d\u2019encre et de salive.<\/p>\n<div class=\"td-a-rec td-a-rec-id-content_inline tdi_30_b9d td_block_template_1\"><a href=\"https:\/\/www.sidwaya.info\/wp-content\/uploads\/2019\/12\/Bandeau-11-De%CC%81cembre-3.jpg\"><img loading=\"lazy\" decoding=\"async\" src=\"https:\/\/www.sidwaya.info\/wp-content\/uploads\/2019\/12\/Bandeau-11-De%CC%81cembre-3.jpg\" alt=\"\" width=\"720\" height=\"90\" class=\"aligncenter size-full wp-image-17180\"\/><\/a><\/div>\n<p>La f\u00eate du poulet de Poa, les 23 et 24 d\u00e9cembre 2019<br \/>Il est revenu \u00e0 Kantigui que la traditionnelle f\u00eate du poulet de Poa aura lieu les 23 et 24 d\u00e9cembre prochains. Le th\u00e8me retenu pour cette 20e \u00e9dition est\u00a0: \u00abAction vitale, 20 ans au service du d\u00e9veloppement rural\u00a0: acquis, insuffisances et perspectives\u00bb. Un choix pour rendre hommage \u00e0 cette association qui a fait de la f\u00eate du poulet, la marque d\u00e9pos\u00e9e de la commune de Poa. Au programme, il y a des expositions-ventes, de la gastronomie, de l\u2019animation culturelle, un panel, etc. L\u2019\u00e9v\u00e8nement est plac\u00e9 sous le patronage du ministre des Ressources animales et halieutiques, Sommanogo Koutou et le parrainage de celui du Commerce, de l\u2019Industrie et de l\u2019Artisanat, Harouna Kabor\u00e9. Kantigui esp\u00e8re que Poa, village situ\u00e9 sur l\u2019axe Ouagadougou-Koudougou, \u00e0 environ 75 km de la capitale, grouillera de monde.<\/p>\n<p>Kantigui<br \/>kantigui2000@gmail.com<br \/>(00226) 25 31 22 89<\/p>\n<div class=\"td-a-rec td-a-rec-id-content_bottom tdi_31_944 td_block_template_1\"><img loading=\"lazy\" decoding=\"async\" class=\"aligncenter size-full wp-image-9623\" src=\"https:\/\/www.sidwaya.info\/wp-content\/uploads\/2019\/06\/Projet-bannie%CC%80re-Orange-mobile.jpg\" alt=\"\" width=\"728\" height=\"81\"\/><\/div>\n<p>Auteur: BM. Sidwaya<br \/>\n<a href=\"https:\/\/www.sidwaya.info\/blog\/2019\/12\/18\/kaya-des-deplaces-sans-vivres\/\">Cliquez ici pour lire l&rsquo;article depuis sa source.<\/a><\/p>\n","protected":false},"excerpt":{"rendered":"<p>Kaya\u00a0: des d\u00e9plac\u00e9s\u00a0sans vivresKantigui a constat\u00e9 un dysfonctionnement dans la distribution des vivres aux Personnes d\u00e9plac\u00e9es internes (PDI) de Kaya. En effet, pendant que certains d\u2019entre eux vendent \u00e0 vil prix leurs provisions, d\u2019autres peinent \u00e0 recevoir leur premi\u00e8re dotation. \u00ab Depuis plus de six mois, j\u2019ai effectu\u00e9 plus de 30 va-et-vient entre notre site [&hellip;]<\/p>\n","protected":false},"author":1816,"featured_media":70648,"comment_status":"closed","ping_status":"closed","sticky":false,"template":"","format":"standard","meta":{"fifu_image_url":"","fifu_image_alt":"","footnotes":""},"categories":[73,81],"tags":[],"class_list":["post-70647","post","type-post","status-publish","format-standard","has-post-thumbnail","hentry","category-actualite","category-burkina-faso"],"_links":{"self":[{"href":"https:\/\/linitiative.ca\/International\/wp-json\/wp\/v2\/posts\/70647","targetHints":{"allow":["GET"]}}],"collection":[{"href":"https:\/\/linitiative.ca\/International\/wp-json\/wp\/v2\/posts"}],"about":[{"href":"https:\/\/linitiative.ca\/International\/wp-json\/wp\/v2\/types\/post"}],"author":[{"embeddable":true,"href":"https:\/\/linitiative.ca\/International\/wp-json\/wp\/v2\/users\/1816"}],"replies":[{"embeddable":true,"href":"https:\/\/linitiative.ca\/International\/wp-json\/wp\/v2\/comments?post=70647"}],"version-history":[{"count":0,"href":"https:\/\/linitiative.ca\/International\/wp-json\/wp\/v2\/posts\/70647\/revisions"}],"wp:featuredmedia":[{"embeddable":true,"href":"https:\/\/linitiative.ca\/International\/wp-json\/"}],"wp:attachment":[{"href":"https:\/\/linitiative.ca\/International\/wp-json\/wp\/v2\/media?parent=70647"}],"wp:term":[{"taxonomy":"category","embeddable":true,"href":"https:\/\/linitiative.ca\/International\/wp-json\/wp\/v2\/categories?post=70647"},{"taxonomy":"post_tag","embeddable":true,"href":"https:\/\/linitiative.ca\/International\/wp-json\/wp\/v2\/tags?post=70647"}],"curies":[{"name":"wp","href":"https:\/\/api.w.org\/{rel}","templated":true}]}}