{"id":70649,"date":"2019-12-18T14:30:05","date_gmt":"2019-12-18T19:30:05","guid":{"rendered":"https:\/\/linitiative.ca\/International\/session-ordinaire-des-oulemas-africains-pour-la-promotion-dun-islam-tolerant\/"},"modified":"2019-12-18T14:30:05","modified_gmt":"2019-12-18T19:30:05","slug":"session-ordinaire-des-oulemas-africains-pour-la-promotion-dun-islam-tolerant","status":"publish","type":"post","link":"https:\/\/linitiative.ca\/International\/session-ordinaire-des-oulemas-africains-pour-la-promotion-dun-islam-tolerant\/","title":{"rendered":"Session ordinaire des Oul\u00e9mas africains  Pour la promotion d\u2019un islam tol\u00e9rant"},"content":{"rendered":"<div class=\"td-post-featured-image\"><a href=\"https:\/\/i1.wp.com\/www.sidwaya.info\/wp-content\/uploads\/2019\/12\/2-10-scaled.jpg?fit=2560%2C1704&#038;ssl=1\" data-caption=\"\"><img loading=\"lazy\" decoding=\"async\" width=\"696\" height=\"463\" class=\"entry-thumb td-modal-image\" src=\"https:\/\/i1.wp.com\/www.sidwaya.info\/wp-content\/uploads\/2019\/12\/2-10-scaled.jpg?resize=696%2C463&#038;ssl=1\" srcset=\"https:\/\/i1.wp.com\/www.sidwaya.info\/wp-content\/uploads\/2019\/12\/2-10-scaled.jpg?w=2560&#038;ssl=1 2560w, https:\/\/i1.wp.com\/www.sidwaya.info\/wp-content\/uploads\/2019\/12\/2-10-scaled.jpg?resize=300%2C200&#038;ssl=1 300w, https:\/\/i1.wp.com\/www.sidwaya.info\/wp-content\/uploads\/2019\/12\/2-10-scaled.jpg?resize=1024%2C682&#038;ssl=1 1024w, https:\/\/i1.wp.com\/www.sidwaya.info\/wp-content\/uploads\/2019\/12\/2-10-scaled.jpg?resize=768%2C511&#038;ssl=1 768w, https:\/\/i1.wp.com\/www.sidwaya.info\/wp-content\/uploads\/2019\/12\/2-10-scaled.jpg?resize=1536%2C1023&#038;ssl=1 1536w, https:\/\/i1.wp.com\/www.sidwaya.info\/wp-content\/uploads\/2019\/12\/2-10-scaled.jpg?resize=2048%2C1364&#038;ssl=1 2048w, https:\/\/i1.wp.com\/www.sidwaya.info\/wp-content\/uploads\/2019\/12\/2-10-scaled.jpg?resize=696%2C463&#038;ssl=1 696w, https:\/\/i1.wp.com\/www.sidwaya.info\/wp-content\/uploads\/2019\/12\/2-10-scaled.jpg?resize=1068%2C711&#038;ssl=1 1068w, https:\/\/i1.wp.com\/www.sidwaya.info\/wp-content\/uploads\/2019\/12\/2-10-scaled.jpg?resize=1920%2C1278&#038;ssl=1 1920w, https:\/\/i1.wp.com\/www.sidwaya.info\/wp-content\/uploads\/2019\/12\/2-10-scaled.jpg?resize=631%2C420&#038;ssl=1 631w, https:\/\/i1.wp.com\/www.sidwaya.info\/wp-content\/uploads\/2019\/12\/2-10-scaled.jpg?w=1392&#038;ssl=1 1392w\" sizes=\"auto, (max-width: 696px) 100vw, 696px\" alt=\"\" title=\"2\"\/><\/a><\/div>\n<p><strong>La troisi\u00e8me session ordinaire du Conseil sup\u00e9rieur de la Fondation Mohammed VI des Oul\u00e9mas africains s\u2019est ouverte, hier mardi 17 d\u00e9cembre 2019, \u00e0 F\u00e8s au Maroc. La rencontre r\u00e9unit les membres du Maroc et d\u2019une trentaine d\u2019autres pays africains dont le Burkina Faso.<\/strong><\/p>\n<p>La grand-messe du Conseil sup\u00e9rieur de la Fondation Mohammed VI des Oul\u00e9mas africains (FM6OA) s\u2019est ouverte, mardi, au si\u00e8ge social de la structure \u00e0 F\u00e8s au Maroc, \u00e0 l\u2019occasion de sa troisi\u00e8me session ordinaire. 32 pays au total dont le Burkina Faso sont repr\u00e9sent\u00e9s \u00e0 ce conclave des savants et th\u00e9ologiens musulmans de l\u2019Afrique. Les travaux se d\u00e9roulent, du 16 au 17 d\u00e9cembre 2019 et seront consacr\u00e9s \u00e0 l\u2019examen du projet du programme annuel de la Fondation au titre de l\u2019ann\u00e9e 2020. Les participants vont se pencher \u00e9galement sur l\u2019activation des quatre commissions permanentes \u00e0 savoir la commission des activit\u00e9s scientifiques et culturelles, la Commission des \u00e9tudes de la Charia, la Commission charg\u00e9e de la revitalisation du patrimoine islamique africain et la commission de la communication, de la coop\u00e9ration et du partenariat.<\/p>\n<div class=\"td-a-rec td-a-rec-id-content_inline tdi_30_5ff td_block_template_1\"><a href=\"https:\/\/www.sidwaya.info\/wp-content\/uploads\/2019\/12\/Bandeau-11-De%CC%81cembre-3.jpg\"><img loading=\"lazy\" decoding=\"async\" src=\"https:\/\/www.sidwaya.info\/wp-content\/uploads\/2019\/12\/Bandeau-11-De%CC%81cembre-3.jpg\" alt=\"\" width=\"720\" height=\"90\" class=\"aligncenter size-full wp-image-17180\"\/><\/a><\/div>\n<p><img loading=\"lazy\" decoding=\"async\" class=\"alignleft size-full wp-image-17437\" src=\"https:\/\/i0.wp.com\/www.sidwaya.info\/wp-content\/uploads\/2019\/12\/3-2.jpg?resize=696%2C552&#038;ssl=1\" alt=\"\" width=\"696\" height=\"552\" srcset=\"https:\/\/i0.wp.com\/www.sidwaya.info\/wp-content\/uploads\/2019\/12\/3-2.jpg?w=722&#038;ssl=1 722w, https:\/\/i0.wp.com\/www.sidwaya.info\/wp-content\/uploads\/2019\/12\/3-2.jpg?resize=300%2C238&#038;ssl=1 300w, https:\/\/i0.wp.com\/www.sidwaya.info\/wp-content\/uploads\/2019\/12\/3-2.jpg?resize=696%2C552&#038;ssl=1 696w, https:\/\/i0.wp.com\/www.sidwaya.info\/wp-content\/uploads\/2019\/12\/3-2.jpg?resize=529%2C420&#038;ssl=1 529w\" sizes=\"auto, (max-width: 696px) 100vw, 696px\" data-recalc-dims=\"1\"\/>Dans son discours inaugural de la s\u00e9ance, le pr\u00e9sident d\u00e9l\u00e9gu\u00e9 de la Fondation et ministre des habous et des Affaires islamiques, Dr Ahmed Taoufiq, a expliqu\u00e9 que la promotion d\u2019un islam tol\u00e9rant, objectif principal de \u00a0la Fondation sonne comme un imp\u00e9ratif dans un \u00ab\u00a0<em>contexte de conditions changeantes et de d\u00e9fis acc\u00e9l\u00e9r\u00e9s au niveau du continent africain<\/em>\u00a0\u00bb. Toute chose qui exige, selon lui, que l<em>es<\/em> Oul\u00e9mas africains et marocains unissent leurs efforts et mettent en \u0153uvre un cadre de coop\u00e9ration efficient<em>. \u00ab\u00a0Cela en vue de prendre des initiatives qui visent \u00e0 renforcer les valeurs de tol\u00e9rance islamique, de lutter contre l\u2019extr\u00e9misme et d\u2019\u0153uvrer \u00e0 renforcer les liens historiques et religieux<\/em>\u00a0 <em>entre le Maroc et les autres pays africains \u00bb, a-t-il affirm\u00e9.<\/em><\/p>\n<p><strong>Une vision appr\u00e9ci\u00e9e de tous<\/strong><\/p>\n<p>Se f\u00e9licitant de l\u2019initiative du rassemblement des \u00e9rudits musulmans de divers contr\u00e9es africaines, le repr\u00e9sentant des oul\u00e9mas du royaume du Maroc par ailleurs secr\u00e9taire g\u00e9n\u00e9ral du Conseil sup\u00e9rieur des Oul\u00e9ma \u00e0 Rabat, Dr Mohamed Yssef, a salu\u00e9 la tenue de la 3<sup>e<\/sup> session du conseil sup\u00e9rieur de la Fondation. Il a lou\u00e9 \u00e9galement les \u00ab\u00a0<em>efforts personnels et l\u2019engagement<\/em>\u00a0\u00bb \u00a0du roi du Maroc, Amir Al Mouminine qui sont des gages \u00ab\u00a0<em>de r\u00e9ussite des objectifs escompt\u00e9s de la Fondation<\/em>\u00a0\u00bb. Au nom des Oulemas de l\u2019institution, le Mufti de la r\u00e9publique de la Tanzanie, Cheick Abou Bakr Zoubeir Mbouana, a aussi traduit sa reconnaissance au roi Mohammed VI qui a permis un cadre unificateur, scientifique et acad\u00e9mique au profit des oul\u00e9mas. Il s\u2019est dit, du reste, convaincu que la mise en \u0153uvre des projets envisag\u00e9s par la fondation va permettre d\u2019asseoir une communaut\u00e9 musulmane africaine forte, unie, fraternelle et engag\u00e9e pour la paix et la tol\u00e9rance.<\/p>\n<p>La FM6OA est une initiative du Roi Mohammed VI du Maroc, Amir Al Mouminine. L\u2019institution a \u00e9t\u00e9 port\u00e9e sur les fonts baptismaux, le 25 juin 2015, avec comme centre d\u2019int\u00e9r\u00eat la promotion d\u2019un Islam tol\u00e9rant et le renforcement de la coop\u00e9ration entre oul\u00e9ma du Maroc et des autres pays d\u2019Afrique.<\/p>\n<p>Le Conseil Sup\u00e9rieur est l\u2019organe supr\u00eame charg\u00e9 des affaires g\u00e9n\u00e9rales de la Fondation. Il d\u00e9lib\u00e8re sur toutes les questions qui int\u00e9ressent l\u2019institution et prend les d\u00e9cisions qui doivent permettre la r\u00e9alisation de ses objectifs. La session en cours du conseil \u00a0r\u00e9unit 357 Oul\u00e9ma dont 90 femmes, ainsi que 20 membres marocains, dont 4 femmes.<\/p>\n<p><strong>Mamady ZANGO<\/strong><\/p>\n<p><strong>mzango18@gmail.com<\/strong><\/p>\n<p>(Depuis Fez au Maroc)<\/p>\n<div class=\"td-a-rec td-a-rec-id-content_bottom tdi_31_eda td_block_template_1\"><img loading=\"lazy\" decoding=\"async\" class=\"aligncenter size-full wp-image-9623\" src=\"https:\/\/www.sidwaya.info\/wp-content\/uploads\/2019\/06\/Projet-bannie%CC%80re-Orange-mobile.jpg\" alt=\"\" width=\"728\" height=\"81\"\/><\/div>\n<p>Auteur: BS. Sidwaya<br \/>\n<a href=\"https:\/\/www.sidwaya.info\/blog\/2019\/12\/18\/session-ordinaire-des-oulemas-africains-pour-la-promotion-dun-islam-tolerant\/\">Cliquez ici pour lire l&rsquo;article depuis sa source.<\/a><\/p>\n","protected":false},"excerpt":{"rendered":"<p>La troisi\u00e8me session ordinaire du Conseil sup\u00e9rieur de la Fondation Mohammed VI des Oul\u00e9mas africains s\u2019est ouverte, hier mardi 17 d\u00e9cembre 2019, \u00e0 F\u00e8s au Maroc. La rencontre r\u00e9unit les membres du Maroc et d\u2019une trentaine d\u2019autres pays africains dont le Burkina Faso. La grand-messe du Conseil sup\u00e9rieur de la Fondation Mohammed VI des Oul\u00e9mas [&hellip;]<\/p>\n","protected":false},"author":1816,"featured_media":0,"comment_status":"closed","ping_status":"closed","sticky":false,"template":"","format":"standard","meta":{"fifu_image_url":"","fifu_image_alt":"","footnotes":""},"categories":[73,81],"tags":[],"class_list":["post-70649","post","type-post","status-publish","format-standard","hentry","category-actualite","category-burkina-faso"],"_links":{"self":[{"href":"https:\/\/linitiative.ca\/International\/wp-json\/wp\/v2\/posts\/70649","targetHints":{"allow":["GET"]}}],"collection":[{"href":"https:\/\/linitiative.ca\/International\/wp-json\/wp\/v2\/posts"}],"about":[{"href":"https:\/\/linitiative.ca\/International\/wp-json\/wp\/v2\/types\/post"}],"author":[{"embeddable":true,"href":"https:\/\/linitiative.ca\/International\/wp-json\/wp\/v2\/users\/1816"}],"replies":[{"embeddable":true,"href":"https:\/\/linitiative.ca\/International\/wp-json\/wp\/v2\/comments?post=70649"}],"version-history":[{"count":0,"href":"https:\/\/linitiative.ca\/International\/wp-json\/wp\/v2\/posts\/70649\/revisions"}],"wp:attachment":[{"href":"https:\/\/linitiative.ca\/International\/wp-json\/wp\/v2\/media?parent=70649"}],"wp:term":[{"taxonomy":"category","embeddable":true,"href":"https:\/\/linitiative.ca\/International\/wp-json\/wp\/v2\/categories?post=70649"},{"taxonomy":"post_tag","embeddable":true,"href":"https:\/\/linitiative.ca\/International\/wp-json\/wp\/v2\/tags?post=70649"}],"curies":[{"name":"wp","href":"https:\/\/api.w.org\/{rel}","templated":true}]}}