{"id":70651,"date":"2019-12-18T16:18:03","date_gmt":"2019-12-18T21:18:03","guid":{"rendered":"https:\/\/linitiative.ca\/International\/cote-divoire-une-compagnie-aerienne-lance-un-package-assorti-dun-bilan-de-sante\/"},"modified":"2019-12-18T16:18:03","modified_gmt":"2019-12-18T21:18:03","slug":"cote-divoire-une-compagnie-aerienne-lance-un-package-assorti-dun-bilan-de-sante","status":"publish","type":"post","link":"https:\/\/linitiative.ca\/International\/cote-divoire-une-compagnie-aerienne-lance-un-package-assorti-dun-bilan-de-sante\/","title":{"rendered":"C\u00f4te d\u2019Ivoire: une compagnie a\u00e9rienne lance un package assorti d\u2019un bilan de sant\u00e9"},"content":{"rendered":"<div readability=\"32\">\n<p>Publi\u00e9 le 18.12.2019 \u00e0 22h18 par APA News<\/p>\n<\/div>\n<div readability=\"104\">\n<p>La compagnie a\u00e9rienne fran\u00e7aise Corsair a lanc\u00e9 mardi \u00e0 Abidjan un package comprenant le billet d\u2019avion et un bilan de sant\u00e9, en partenariat avec American Hospital of Paris, lors d\u2019une c\u00e9r\u00e9monie en pr\u00e9sence de personnalit\u00e9s politiques, administratives et des acteurs du monde de la culture.\u00ab On s\u2019est aper\u00e7u qu\u2019il y avait beaucoup d\u2019Ivoiriens qui faisaient leur bilan de sant\u00e9 en France, et r\u00e9guli\u00e8rement, c\u2019est pour cela que nous avons voulu les accompagner et nous avons d\u00e9cid\u00e9 de nous associer \u00e0 l\u2019H\u00f4pital am\u00e9ricain de Paris, une r\u00e9f\u00e9rence en mati\u00e8re de bilan de sant\u00e9 \u00bb, a expliqu\u00e9 \u00e0 APA le directeur des ventes de Corsair, Gilles Marigliano.<\/p>\n<p>Cela devrait permettre aux Ivoiriens et aux personnes r\u00e9sidant en C\u00f4te d\u2019Ivoire de faire leur bilan de sant\u00e9 avec la compagnie a\u00e9rienne qui va les acheminer depuis Abidjan vers Paris, la capitale fran\u00e7aise, pour faire leur check-up aupr\u00e8s de cet h\u00f4pital, a-t-il soulign\u00e9.<\/p>\n<p>Pour offrir ce check-up, un examen clinique et l\u2019interpr\u00e9tation des donn\u00e9es biologiques, fournissant des informations de base sur l\u2019\u00e9tat de sant\u00e9 de l\u2019individu, l\u2019entreprise a\u00e9rienne a sign\u00e9 avec cet h\u00f4pital de r\u00e9f\u00e9rence mondiale un partenariat qui se veut p\u00e9renne. \u00a0 \u00a0\u00a0<\/p>\n<p>\u00ab C\u2019est un partenariat o\u00f9 on va essayer de proposer des tarifs int\u00e9ressants de package avec l\u2019h\u00f4pital am\u00e9ricain de fa\u00e7on \u00e0 proposer des choses tr\u00e8s attractives qui permettent aussi de pouvoir donner un acc\u00e8s au bilan de sant\u00e9 pour les Ivoiriens et \u00e0 un plus grand nombre d\u2019Ivoiriens \u00bb, a-t-il indiqu\u00e9. \u00a0 \u00a0<\/p>\n<p>Il s\u2019agit d\u2019un package avec une mise en place, en classe affaire, a fait observer M. Gilles Marigliano, avant d\u2019ajouter \u00ab on est sur un package global y compris le d\u00e9pistage cardio avec un acheminement aller-retour en classe business \u00bb. \u00a0<\/p>\n<p>Selon Dr Olivier Spatzierer, chef de l\u2019Unit\u00e9 gastro-ent\u00e9rologie de cet h\u00f4pital, ce check-up se veut un bilan \u00ab complet \u00bb, d\u2019ailleurs \u00abdifficile \u00e0 \u00e9galer \u00bb qui int\u00e8gre un examen biologique, cardiovasculaire, ophtalmologique, l\u2019ORL et tout ce qu\u2019il faut pour \u00e9viter la survenue des maladies non transmissibles. \u00a0<\/p>\n<p>Il a soutenu qu\u2019il y a des moyens d\u2019\u00e9viter les cancers, les probl\u00e8mes cardio-vasculaires et m\u00e9taboliques en particulier le diab\u00e8te, l\u2019ob\u00e9sit\u00e9 dont le terreau central est l\u2019urbanisation associ\u00e9e \u00e0 la transition nutritionnelle trop riche en sucre, en sel, en aliments gras et en prot\u00e9ine d\u2019origine animale, des facteurs de risques associ\u00e9s \u00e0 une chute vertigineuse de l\u2019activit\u00e9 physique et l\u2019augmentation de la s\u00e9dentarit\u00e9.<\/p>\n<p>Ce bilan de sant\u00e9 est r\u00e9alis\u00e9 \u00e0 travers un check-up center, un centre de bilan de sant\u00e9 exceptionnel. Chaque ann\u00e9e, ces bilans de sant\u00e9 permettent de d\u00e9couvrir des facteurs de risques ou des pathologies chez de nombreux patients.<\/p>\n<p>Sur la ligne Paris-Abidjan, la compagnie a\u00e9rienne fran\u00e7aise a augment\u00e9, depuis 2016, de plus de 40% son offre de si\u00e8ges. Elle permet \u00e0 des centaines d\u2019entreprises d\u2019optimiser leur budget de d\u00e9placement en leur offrant des tarifs comp\u00e9titifs. \u00a0<\/p>\n<\/div>\n<p>Auteur: APA News<br \/>\n<a href=\"https:\/\/www.journalducameroun.com\/cote-divoire-une-compagnie-aerienne-lance-un-package-assorti-dun-bilan-de-sante\/\">Cliquez ici pour lire l&rsquo;article depuis sa source.<\/a><\/p>\n","protected":false},"excerpt":{"rendered":"<p>Publi\u00e9 le 18.12.2019 \u00e0 22h18 par APA News La compagnie a\u00e9rienne fran\u00e7aise Corsair a lanc\u00e9 mardi \u00e0 Abidjan un package comprenant le billet d\u2019avion et un bilan de sant\u00e9, en partenariat avec American Hospital of Paris, lors d\u2019une c\u00e9r\u00e9monie en pr\u00e9sence de personnalit\u00e9s politiques, administratives et des acteurs du monde de la culture.\u00ab On s\u2019est [&hellip;]<\/p>\n","protected":false},"author":1965,"featured_media":0,"comment_status":"closed","ping_status":"closed","sticky":false,"template":"","format":"standard","meta":{"fifu_image_url":"","fifu_image_alt":"","footnotes":""},"categories":[73,82],"tags":[],"class_list":["post-70651","post","type-post","status-publish","format-standard","hentry","category-actualite","category-cameroun"],"_links":{"self":[{"href":"https:\/\/linitiative.ca\/International\/wp-json\/wp\/v2\/posts\/70651","targetHints":{"allow":["GET"]}}],"collection":[{"href":"https:\/\/linitiative.ca\/International\/wp-json\/wp\/v2\/posts"}],"about":[{"href":"https:\/\/linitiative.ca\/International\/wp-json\/wp\/v2\/types\/post"}],"author":[{"embeddable":true,"href":"https:\/\/linitiative.ca\/International\/wp-json\/wp\/v2\/users\/1965"}],"replies":[{"embeddable":true,"href":"https:\/\/linitiative.ca\/International\/wp-json\/wp\/v2\/comments?post=70651"}],"version-history":[{"count":0,"href":"https:\/\/linitiative.ca\/International\/wp-json\/wp\/v2\/posts\/70651\/revisions"}],"wp:attachment":[{"href":"https:\/\/linitiative.ca\/International\/wp-json\/wp\/v2\/media?parent=70651"}],"wp:term":[{"taxonomy":"category","embeddable":true,"href":"https:\/\/linitiative.ca\/International\/wp-json\/wp\/v2\/categories?post=70651"},{"taxonomy":"post_tag","embeddable":true,"href":"https:\/\/linitiative.ca\/International\/wp-json\/wp\/v2\/tags?post=70651"}],"curies":[{"name":"wp","href":"https:\/\/api.w.org\/{rel}","templated":true}]}}