{"id":70653,"date":"2019-12-18T16:18:06","date_gmt":"2019-12-18T21:18:06","guid":{"rendered":"https:\/\/linitiative.ca\/International\/le-proces-de-ble-goude-a-abidjan-na-pu-se-tenir-suite-a-un-pourvoi-en-cassation-avocat\/"},"modified":"2019-12-18T16:18:06","modified_gmt":"2019-12-18T21:18:06","slug":"le-proces-de-ble-goude-a-abidjan-na-pu-se-tenir-suite-a-un-pourvoi-en-cassation-avocat","status":"publish","type":"post","link":"https:\/\/linitiative.ca\/International\/le-proces-de-ble-goude-a-abidjan-na-pu-se-tenir-suite-a-un-pourvoi-en-cassation-avocat\/","title":{"rendered":"Le proc\u00e8s de Bl\u00e9 Goud\u00e9 \u00e0 Abidjan n\u2019a pu se tenir suite \u00e0 un pourvoi en cassation (avocat)"},"content":{"rendered":"<div readability=\"32\">\n<p>Publi\u00e9 le 18.12.2019 \u00e0 22h18 par APA News<\/p>\n<\/div>\n<div readability=\"79\">\n<p>Le proc\u00e8s de Charles Bl\u00e9 Goud\u00e9 devant le tribunal criminel d\u2019Abidjan-Plateau n\u2019a pu se tenir, mercredi, \u00e0 la suite d\u2019un pourvoi en cassation d\u2019un avocat de son Conseil Me Emile Suy Bi, a indiqu\u00e9 \u00e0 APA Me Dohora Bl\u00e9d\u00e9, un autre avocat.\u00ab L\u2019audience ne s\u2019est pas tenue \u00bb en raison du pourvoi en cassation, a dit Me Dohora Bl\u00e9d\u00e9, insinuant que Me Suy Bi a brandi devant le tribunal criminel le recours en cassation. Cette requ\u00eate devrait \u00eatre examin\u00e9e par la Cour de cassation.<\/p>\n<p>Selon Me Dohora Bl\u00e9d\u00e9, plusieurs issues peuvent est donn\u00e9es \u00e0 ce recours en cassation. La Cour de cassation peut ramener l\u2019affaire devant la Chambre d\u2019institution pour instruire \u00e0 nouveau le dossier si le pouvoir est mal fond\u00e9 ou encore annuler la proc\u00e9dure. \u00a0<\/p>\n<p>Me Claver Ndry, l\u2019un de ses avocats, a lors d\u2019une conf\u00e9rence de presse mardi, relev\u00e9 que l\u2019Etat ivoirien a d\u00e9cid\u00e9, en mars 2014, de remettre M. Bl\u00e9 Goud\u00e9 \u00e0 la Cour p\u00e9nale internationale (CPI), alors l\u2019Etat s\u2019est dessaisi. Par cons\u00e9quent, son client ne peut \u00eatre jug\u00e9 en C\u00f4te d\u2019Ivoire pour les m\u00eames faits. \u00a0<\/p>\n<p>Le Conseil de M. Bl\u00e9 Goud\u00e9 s\u2019est d\u00e9port\u00e9 le 6 novembre 2019 devant la Chambre d\u2019instruction. Me Suy Bi, avocat de la d\u00e9fense, avait fait un pourvoi en cassation contre l\u2019arr\u00eat de la Chambre d\u2019instruction. Pour Me Dohora Bl\u00e9d\u00e9 \u00ab il ne peut pas \u00eatre jug\u00e9 devant un tribunal criminel \u00bb. \u00a0<\/p>\n<p>Me Bl\u00e9d\u00e9 s\u2019est insurg\u00e9 du fait qu\u2019il a \u00e9t\u00e9 d\u00e9cid\u00e9 de juger devant un tribunal criminel M. Bl\u00e9 Goud\u00e9, actuellement en libert\u00e9 conditionnelle \u00e0 la Haye, sans qu\u2019il ne soit inform\u00e9 et ne puisse se d\u00e9fendre, alors qu\u2019il attend un d\u00e9nouement total de son jugement \u00e0 la CPI. \u00a0<\/p>\n<p>Initialement poursuivi pour \u00ab crimes contre populations civiles et prisonniers de guerre \u00bb, des faits abrog\u00e9s par le Code p\u00e9nal, la Chambre d\u2019instruction a requalifi\u00e9 les infractions. Il est retenu contre Charles Bl\u00e9 Goud\u00e9 des faits de \u00ab viol, torture et meurtres \u00bb. \u00a0\u00a0<\/p>\n<\/div>\n<p>Auteur: APA News<br \/>\n<a href=\"https:\/\/www.journalducameroun.com\/le-proces-de-ble-goude-a-abidjan-na-pu-se-tenir-suite-a-un-pourvoi-en-cassation-avocat\/\">Cliquez ici pour lire l&rsquo;article depuis sa source.<\/a><\/p>\n","protected":false},"excerpt":{"rendered":"<p>Publi\u00e9 le 18.12.2019 \u00e0 22h18 par APA News Le proc\u00e8s de Charles Bl\u00e9 Goud\u00e9 devant le tribunal criminel d\u2019Abidjan-Plateau n\u2019a pu se tenir, mercredi, \u00e0 la suite d\u2019un pourvoi en cassation d\u2019un avocat de son Conseil Me Emile Suy Bi, a indiqu\u00e9 \u00e0 APA Me Dohora Bl\u00e9d\u00e9, un autre avocat.\u00ab L\u2019audience ne s\u2019est pas tenue [&hellip;]<\/p>\n","protected":false},"author":1965,"featured_media":0,"comment_status":"closed","ping_status":"closed","sticky":false,"template":"","format":"standard","meta":{"fifu_image_url":"","fifu_image_alt":"","footnotes":""},"categories":[73,82],"tags":[],"class_list":["post-70653","post","type-post","status-publish","format-standard","hentry","category-actualite","category-cameroun"],"_links":{"self":[{"href":"https:\/\/linitiative.ca\/International\/wp-json\/wp\/v2\/posts\/70653","targetHints":{"allow":["GET"]}}],"collection":[{"href":"https:\/\/linitiative.ca\/International\/wp-json\/wp\/v2\/posts"}],"about":[{"href":"https:\/\/linitiative.ca\/International\/wp-json\/wp\/v2\/types\/post"}],"author":[{"embeddable":true,"href":"https:\/\/linitiative.ca\/International\/wp-json\/wp\/v2\/users\/1965"}],"replies":[{"embeddable":true,"href":"https:\/\/linitiative.ca\/International\/wp-json\/wp\/v2\/comments?post=70653"}],"version-history":[{"count":0,"href":"https:\/\/linitiative.ca\/International\/wp-json\/wp\/v2\/posts\/70653\/revisions"}],"wp:attachment":[{"href":"https:\/\/linitiative.ca\/International\/wp-json\/wp\/v2\/media?parent=70653"}],"wp:term":[{"taxonomy":"category","embeddable":true,"href":"https:\/\/linitiative.ca\/International\/wp-json\/wp\/v2\/categories?post=70653"},{"taxonomy":"post_tag","embeddable":true,"href":"https:\/\/linitiative.ca\/International\/wp-json\/wp\/v2\/tags?post=70653"}],"curies":[{"name":"wp","href":"https:\/\/api.w.org\/{rel}","templated":true}]}}