{"id":70654,"date":"2019-12-18T16:50:03","date_gmt":"2019-12-18T21:50:03","guid":{"rendered":"https:\/\/linitiative.ca\/International\/les-balkany-renoncent-a-se-representer-a-levallois-perret\/"},"modified":"2019-12-18T16:50:03","modified_gmt":"2019-12-18T21:50:03","slug":"les-balkany-renoncent-a-se-representer-a-levallois-perret","status":"publish","type":"post","link":"https:\/\/linitiative.ca\/International\/les-balkany-renoncent-a-se-representer-a-levallois-perret\/","title":{"rendered":"Les Balkany renoncent \u00e0 se repr\u00e9senter \u00e0 Levallois-Perret"},"content":{"rendered":"<div readability=\"32\">\n<p>Publi\u00e9 le 18.12.2019 \u00e0 22h50 par AFP<\/p>\n<\/div>\n<div readability=\"92\">\n<p>Le maire LR de Levallois-Perret Patrick Balkany, incarc\u00e9r\u00e9 depuis le 13 septembre \u00e0 la prison de la Sant\u00e9 apr\u00e8s deux condamnations pour fraude fiscale et blanchiment de fraude fiscale, et son \u00e9pouse et premi\u00e8re adjointe Isabelle Balkany renoncent \u00e0 se repr\u00e9senter \u00e0 la mairie, a tweet\u00e9 mercredi cette derni\u00e8re.<\/p>\n<p>\u00ab\u00a0Le suffrage universel des citoyens fran\u00e7ais et des \u00e9lecteurs Levalloisiens est volontairement confisqu\u00e9 par la justice\u00a0\u00bb, est-il \u00e9crit dans un communiqu\u00e9 sign\u00e9 des deux \u00e9poux qui annoncent la nomination de deux proches pour conduire la liste de la majorit\u00e9 aux municipales de mars prochain, que \u00ab\u00a0nous soutiendrons\u00a0\u00bb<\/p>\n<p>D\u00e9non\u00e7ant p\u00eale-m\u00eale une \u00ab\u00a0instruction \u00e0 charge\u00a0\u00bb, un calendrier judiciaire ayant pour objectif \u00ab\u00a0de nous emp\u00eacher d\u2019\u00eatre candidat aux \u00e9lections municipales de 2020\u00a0\u00bb ou encore une incarc\u00e9ration \u00ab\u00a0in\u00e9dite dans une affaire de cette nature qui a mis gravement en danger la sant\u00e9 de Patrick\u00a0\u00bb, le couple a fait savoir qu\u2019il ne briguerait pas de sixi\u00e8me mandat.<\/p>\n<p>Mercredi, \u00e0 l\u2019issue de leur proc\u00e8s en appel pour fraude fiscale, le parquet a demand\u00e9 une peine de quatre ans de prison contre Patrick Balkany, quatre ans dont deux ans avec sursis contre Isabelle mais surtout, dix ans d\u2019in\u00e9ligibilit\u00e9 contre les deux, avec \u00ab\u00a0ex\u00e9cution provisoire\u00a0\u00bb.<\/p>\n<p>La d\u00e9cision doit \u00eatre rendue le 4 mars prochain, soit onze jours avant le premier tour des municipales. \u00ab\u00a0Nous en prenons acte\u00a0\u00bb, \u00e9crivent les Balkany dans le communiqu\u00e9, sans plus de pr\u00e9cision.<\/p>\n<p>La liste de la majorit\u00e9 municipale sera donc conduite par l\u2019adjoint d\u00e9l\u00e9gu\u00e9 \u00e0 la jeunesse et l\u2019\u00e9v\u00e8nementiel David-Xavier Weiss et l\u2019ancienne directrice de cabinet Agn\u00e8s Pottier-Dumas.<\/p>\n<p>D\u2019ici les \u00e9lections, Isabelle Balkany, 72 ans, \u00ab\u00a0poursuivra sa mission de maire par int\u00e9rim (\u2026.) car la gestion de la ville et les services rendus aux Levalloisiens ne doivent en aucun cas \u00eatre p\u00e9nalis\u00e9s par ce diktat judiciaire\u00a0\u00bb, affirment les deux \u00e9diles.<\/p>\n<p>Patrick Balkany, 71 ans, a \u00e9t\u00e9 \u00e9lu \u00e0 la t\u00eate de Levallois avec sa femme Isabelle comme premi\u00e8re adjointe pour la premi\u00e8re fois en 1983. Depuis, le duo a r\u00e9gn\u00e9 quasiment sans discontinuer sur cette commune hupp\u00e9e des Hauts-de-Seine.<\/p>\n<p>En f\u00e9vrier, ils ont \u00e0 nouveau rendez-vous avec la justice pour leur proc\u00e8s en appel pour blanchiment de fraude fiscale. En premi\u00e8re instance, Patrick Balkany avait \u00e9t\u00e9 condamn\u00e9 \u00e0 cinq ans de prison ferme et Isabelle \u00e0 quatre ans.<\/p>\n<\/div>\n<p>Auteur: AFP<br \/>\n<a href=\"https:\/\/www.journalducameroun.com\/les-balkany-renoncent-a-se-representer-a-levallois-perret\/\">Cliquez ici pour lire l&rsquo;article depuis sa source.<\/a><\/p>\n","protected":false},"excerpt":{"rendered":"<p>Publi\u00e9 le 18.12.2019 \u00e0 22h50 par AFP Le maire LR de Levallois-Perret Patrick Balkany, incarc\u00e9r\u00e9 depuis le 13 septembre \u00e0 la prison de la Sant\u00e9 apr\u00e8s deux condamnations pour fraude fiscale et blanchiment de fraude fiscale, et son \u00e9pouse et premi\u00e8re adjointe Isabelle Balkany renoncent \u00e0 se repr\u00e9senter \u00e0 la mairie, a tweet\u00e9 mercredi cette [&hellip;]<\/p>\n","protected":false},"author":1965,"featured_media":0,"comment_status":"closed","ping_status":"closed","sticky":false,"template":"","format":"standard","meta":{"fifu_image_url":"","fifu_image_alt":"","footnotes":""},"categories":[73,82],"tags":[],"class_list":["post-70654","post","type-post","status-publish","format-standard","hentry","category-actualite","category-cameroun"],"_links":{"self":[{"href":"https:\/\/linitiative.ca\/International\/wp-json\/wp\/v2\/posts\/70654","targetHints":{"allow":["GET"]}}],"collection":[{"href":"https:\/\/linitiative.ca\/International\/wp-json\/wp\/v2\/posts"}],"about":[{"href":"https:\/\/linitiative.ca\/International\/wp-json\/wp\/v2\/types\/post"}],"author":[{"embeddable":true,"href":"https:\/\/linitiative.ca\/International\/wp-json\/wp\/v2\/users\/1965"}],"replies":[{"embeddable":true,"href":"https:\/\/linitiative.ca\/International\/wp-json\/wp\/v2\/comments?post=70654"}],"version-history":[{"count":0,"href":"https:\/\/linitiative.ca\/International\/wp-json\/wp\/v2\/posts\/70654\/revisions"}],"wp:attachment":[{"href":"https:\/\/linitiative.ca\/International\/wp-json\/wp\/v2\/media?parent=70654"}],"wp:term":[{"taxonomy":"category","embeddable":true,"href":"https:\/\/linitiative.ca\/International\/wp-json\/wp\/v2\/categories?post=70654"},{"taxonomy":"post_tag","embeddable":true,"href":"https:\/\/linitiative.ca\/International\/wp-json\/wp\/v2\/tags?post=70654"}],"curies":[{"name":"wp","href":"https:\/\/api.w.org\/{rel}","templated":true}]}}