{"id":70655,"date":"2019-12-18T16:50:05","date_gmt":"2019-12-18T21:50:05","guid":{"rendered":"https:\/\/linitiative.ca\/International\/lonu-salue-le-forum-mondial-sur-les-refugies-malgre-les-dissensions\/"},"modified":"2019-12-18T16:50:05","modified_gmt":"2019-12-18T21:50:05","slug":"lonu-salue-le-forum-mondial-sur-les-refugies-malgre-les-dissensions","status":"publish","type":"post","link":"https:\/\/linitiative.ca\/International\/lonu-salue-le-forum-mondial-sur-les-refugies-malgre-les-dissensions\/","title":{"rendered":"L\u2019ONU salue le Forum mondial sur les r\u00e9fugi\u00e9s, malgr\u00e9 les dissensions"},"content":{"rendered":"<div readability=\"32\">\n<p>Publi\u00e9 le 18.12.2019 \u00e0 22h50 par AFP<\/p>\n<\/div>\n<div readability=\"142\">\n<p>Places de r\u00e9installations, milliards de dollars promis\u2026 et dissensions. L\u2019ONU a salu\u00e9 mercredi les r\u00e9sultats du premier Forum mondial sur les r\u00e9fugi\u00e9s \u00e0 Gen\u00e8ve, qui porte les \u00ab\u00a0ingr\u00e9dients du succ\u00e8s\u00a0\u00bb malgr\u00e9 les d\u00e9chirures entre pays riches et \u00e9mergents port\u00e9es notamment par le pr\u00e9sident turc.<\/p>\n<p>Lors de cet \u00e9v\u00e9nement qui s\u2019est ouvert mardi, le Haut-Commissariat des Nations unies pour les r\u00e9fugi\u00e9s entendait donner un nouveau souffle au partage des responsabilit\u00e9s concernant la prise en charge des 71 millions de d\u00e9plac\u00e9s, dont 26 millions de r\u00e9fugi\u00e9s.<\/p>\n<p>\u00ab\u00a0Le soutien public pour l\u2019asile a faibli ces derni\u00e8res ann\u00e9es. Et dans de nombreux cas, les communaut\u00e9s qui accueillent les r\u00e9fugi\u00e9s (\u00e0 80% r\u00e9partis dans des pays pauvres ou en d\u00e9veloppement, ndlr) se sont senties submerg\u00e9es ou oubli\u00e9es\u00a0\u00bb, a affirm\u00e9 mercredi soir le Haut-commissaire aux r\u00e9fugi\u00e9s, Filippo Grandi.<\/p>\n<p>\u00ab\u00a0Mais les situations des r\u00e9fugi\u00e9s ne sont des +crises+ que quand on les laisse le devenir\u00a0\u00bb, a-t-il poursuivi. \u00ab\u00a0Dans ce Forum, nous avons vu un virage d\u00e9cisif vers la vision \u00e0 long terme\u00a0\u00bb.<\/p>\n<p>Au total, plus de 770 \u00ab\u00a0promesses\u00a0\u00bb dans divers domaines ont \u00e9t\u00e9 adress\u00e9es lors de ce Forum qui a \u00e9t\u00e9 l\u2019occasion pour le secr\u00e9taire g\u00e9n\u00e9ral de l\u2019ONU d\u2019appeler la communaut\u00e9 internationale \u00e0 \u00ab\u00a0assumer collectivement\u00a0\u00bb le poids du flux de r\u00e9fugi\u00e9s.<\/p>\n<p>Plus de 7 milliards de dollars ont \u00e9t\u00e9 promis, a soulign\u00e9 le HCR, dont 4,7 milliards pour la seule Banque mondiale.<\/p>\n<p>Le secteur priv\u00e9 a surtout \u00e9mis des annonces qui doivent permettre de donner acc\u00e8s \u00e0 \u00ab\u00a0au moins 15.000 emplois\u00a0\u00bb aux r\u00e9fugi\u00e9s.<\/p>\n<p>Les gouvernements se sont engag\u00e9s dans les domaines de l\u2019\u00e9nergie, de l\u2019infrastructure ou encore de l\u2019\u00e9ducation, \u00e0 la faveur de changements de l\u00e9gislation par exemple pour faciliter l\u2019acc\u00e8s \u00e0 l\u2019\u00e9cole pour les enfants.<\/p>\n<p>\u00ab\u00a0Ce Forum a les ingr\u00e9dients du succ\u00e8s\u00a0\u00bb et il faudra \u00ab\u00a0en mesurer l\u2019impact\u00a0\u00bb, a d\u00e9clar\u00e9 Filippo Grandi devant les journalistes apr\u00e8s la cl\u00f4ture de l\u2019\u00e9v\u00e9nement, qui se tenait un an exactement apr\u00e8s la conclusion \u00e0 New York d\u2019un Pacte mondial sur les r\u00e9fugi\u00e9s, cens\u00e9 apporter une r\u00e9ponse collective aux mouvements massifs de d\u00e9plac\u00e9s.<\/p>\n<p>\u2013 \u00ab\u00a0L\u2019asile doit rester une r\u00e9alit\u00e9\u00a0\u00bb \u2013<\/p>\n<p>Le HCR s\u2019est \u00e9galement f\u00e9licit\u00e9 des annonces en mati\u00e8re de r\u00e9installations, un programme consistant \u00e0 installer dans des pays tiers des personnes d\u00e9j\u00e0 d\u00e9plac\u00e9es.<\/p>\n<p>\u00ab\u00a0Plus de 30.000 places de r\u00e9installations pour 2020\u00a0\u00bb ont \u00e9t\u00e9 promises en Europe, a annonc\u00e9 la Commission europ\u00e9enne mercredi, promettant pour sa part un \u00ab\u00a0soutien financier\u00a0\u00bb aux \u00c9tats concern\u00e9s.<\/p>\n<p>La France, de son c\u00f4t\u00e9, a annonc\u00e9 le renouvellement de son engagement d\u2019accueillir 10.000 r\u00e9install\u00e9s lors des deux prochaines ann\u00e9es, apr\u00e8s avoir affirm\u00e9 que l\u2019objectif similaire d\u2019ici fin 2019 serait \u00ab\u00a0atteint\u00a0\u00bb.<\/p>\n<p>\u00ab\u00a0La France peut aujourd\u2019hui s\u2019honorer d\u2019\u00eatre devenue l\u2019un des principaux pays de r\u00e9installation dans le monde et le premier en Europe\u00a0\u00bb, a soulign\u00e9 le minist\u00e8re de l\u2019Int\u00e9rieur.<\/p>\n<p>Le HCR estime \u00e0 1,44 million le nombre de r\u00e9fugi\u00e9s en besoin de r\u00e9installation dans le monde.<\/p>\n<p>Signe que les r\u00e9serves \u00e9mises par les pays pauvres et \u00e9mergents ont laiss\u00e9 des traces, le Haut-Commissaire Grandi a affirm\u00e9 mercredi soir que \u00ab\u00a0l\u2019asile doit rester une r\u00e9alit\u00e9 dans toutes les parties du monde, m\u00eame dans les pays riches, et encore plus dans les pays riches\u00a0\u00bb.<\/p>\n<p>Cela aurait pu \u00eatre les mots du pr\u00e9sident turc Recep Tayyip Erdogan, qui a fustig\u00e9 la veille ces m\u00eames pays riches qui \u00ab\u00a0ont fix\u00e9 des quotas pour accueillir un tr\u00e8s petit nombre\u00a0\u00bb de personnes, et tanc\u00e9 une communaut\u00e9 internationale qui ne lui avait pas fourni \u00ab\u00a0les aides\u00a0\u00bb financi\u00e8res promises.<\/p>\n<p>C\u2019est ainsi que l\u2019homme fort d\u2019Ankara, dont le pays est celui qui accueille le plus de r\u00e9fugi\u00e9s au monde, a affirm\u00e9 que le manque de soutien financier avait \u00ab\u00a0oblig\u00e9\u00a0\u00bb son pays \u00e0 intervenir militairement en Syrie.<\/p>\n<p>De son c\u00f4t\u00e9, le Premier ministre pakistanais Imran Khan a fait planer le spectre d\u2019une nouvelle \u00ab\u00a0crise des r\u00e9fugi\u00e9s sans pr\u00e9c\u00e9dent\u00a0\u00bb et un potentiel \u00ab\u00a0conflit entre deux Etats nucl\u00e9aires\u00a0\u00bb, en d\u00e9non\u00e7ant les agissements du voisin indien, accus\u00e9 de vouloir modifier \u00ab\u00a0la d\u00e9mographie du Cachemire\u00a0\u00bb en encerclant quelque 7 millions de musulmans.<\/p>\n<p>La prochaine \u00e9dition du Forum aura lieu dans 4 ans.<\/p>\n<\/div>\n<p>Auteur: AFP<br \/>\n<a href=\"https:\/\/www.journalducameroun.com\/lonu-salue-le-forum-mondial-sur-les-refugies-malgre-les-dissensions\/\">Cliquez ici pour lire l&rsquo;article depuis sa source.<\/a><\/p>\n","protected":false},"excerpt":{"rendered":"<p>Publi\u00e9 le 18.12.2019 \u00e0 22h50 par AFP Places de r\u00e9installations, milliards de dollars promis\u2026 et dissensions. L\u2019ONU a salu\u00e9 mercredi les r\u00e9sultats du premier Forum mondial sur les r\u00e9fugi\u00e9s \u00e0 Gen\u00e8ve, qui porte les \u00ab\u00a0ingr\u00e9dients du succ\u00e8s\u00a0\u00bb malgr\u00e9 les d\u00e9chirures entre pays riches et \u00e9mergents port\u00e9es notamment par le pr\u00e9sident turc. Lors de cet \u00e9v\u00e9nement [&hellip;]<\/p>\n","protected":false},"author":1965,"featured_media":0,"comment_status":"closed","ping_status":"closed","sticky":false,"template":"","format":"standard","meta":{"fifu_image_url":"","fifu_image_alt":"","footnotes":""},"categories":[73,82],"tags":[],"class_list":["post-70655","post","type-post","status-publish","format-standard","hentry","category-actualite","category-cameroun"],"_links":{"self":[{"href":"https:\/\/linitiative.ca\/International\/wp-json\/wp\/v2\/posts\/70655","targetHints":{"allow":["GET"]}}],"collection":[{"href":"https:\/\/linitiative.ca\/International\/wp-json\/wp\/v2\/posts"}],"about":[{"href":"https:\/\/linitiative.ca\/International\/wp-json\/wp\/v2\/types\/post"}],"author":[{"embeddable":true,"href":"https:\/\/linitiative.ca\/International\/wp-json\/wp\/v2\/users\/1965"}],"replies":[{"embeddable":true,"href":"https:\/\/linitiative.ca\/International\/wp-json\/wp\/v2\/comments?post=70655"}],"version-history":[{"count":0,"href":"https:\/\/linitiative.ca\/International\/wp-json\/wp\/v2\/posts\/70655\/revisions"}],"wp:attachment":[{"href":"https:\/\/linitiative.ca\/International\/wp-json\/wp\/v2\/media?parent=70655"}],"wp:term":[{"taxonomy":"category","embeddable":true,"href":"https:\/\/linitiative.ca\/International\/wp-json\/wp\/v2\/categories?post=70655"},{"taxonomy":"post_tag","embeddable":true,"href":"https:\/\/linitiative.ca\/International\/wp-json\/wp\/v2\/tags?post=70655"}],"curies":[{"name":"wp","href":"https:\/\/api.w.org\/{rel}","templated":true}]}}