{"id":70656,"date":"2019-12-18T14:37:53","date_gmt":"2019-12-18T19:37:53","guid":{"rendered":"https:\/\/linitiative.ca\/International\/par-dieudonne-essombasession-speciale-du-parlement-dernier-espoir-pour-sauver-le-cameroun\/"},"modified":"2019-12-18T14:37:53","modified_gmt":"2019-12-18T19:37:53","slug":"par-dieudonne-essombasession-speciale-du-parlement-dernier-espoir-pour-sauver-le-cameroun","status":"publish","type":"post","link":"https:\/\/linitiative.ca\/International\/par-dieudonne-essombasession-speciale-du-parlement-dernier-espoir-pour-sauver-le-cameroun\/","title":{"rendered":"Par Dieudonn\u00e9 Essomba*Session sp\u00e9ciale du Parlement : dernier espoir pour sauver le Cameroun"},"content":{"rendered":"<p>Une session du Parlement est convoqu\u00e9e pour demain [vendredi 13 d\u00e9cembre 2019, Ndlr] et il y a lieu de croire qu\u2019elle portera sur le contenu de la d\u00e9centralisation et singuli\u00e8rement, du statut sp\u00e9cial des R\u00e9gions anglophones.<\/p>\n<p>Dans une certaine mesure, cette instance \u00e9tait attendue. En effet, le r\u00e9gime de Biya a \u00e9t\u00e9 l\u2019objet d\u2019une intense pression diplomatique pour renvoyer les \u00e9lections, et se donner le temps d\u2019apaiser les tensions au NOSO en mettant en application le statut sp\u00e9cial recommand\u00e9 lors du Grand Dialogue National.<\/p>\n<p>Le Gouvernement qui n\u2019aime pas se d\u00e9dire ne pouvant pas renvoyer les \u00e9lections, il tient certainement \u00e0 faire plaisir \u00e0 la Communaut\u00e9 Internationale en adoptant des lois relatives \u00e0 ce statut sp\u00e9cial, de mani\u00e8re \u00e0 all\u00e9ger la pression.<\/p>\n<p>Mais la question essentielle reste : m\u00eame si de telles lois sont adopt\u00e9es, est-ce que cela va entra\u00eener la fin de la S\u00e9cession ou, au moins en r\u00e9duire la virulence?<\/p>\n<p>La r\u00e9ponse est clairement non, bien au contraire !<\/p>\n<p>Le statut sp\u00e9cial a \u00e9t\u00e9 la reconnaissance officielle qu\u2019il existe un probl\u00e8me anglophone, et un d\u00e9saveu cinglant de ces extr\u00e9mistes qui le niaient ouvertement. Mais loin d\u2019apaiser les S\u00e9cessionnistes, cette concession les a confort\u00e9s dans le sentiment que seule, la force permettait d\u2019arracher des espaces de libert\u00e9 au r\u00e9gime en place. Un tel succ\u00e8s, inattendu pour un r\u00e9gime qui a montr\u00e9 une rigidit\u00e9 cadav\u00e9rique dans ses approches, a plut\u00f4t d\u00e9voil\u00e9 sa grave faiblesse et durci leurs positions.<\/p>\n<p>Les S\u00e9cessionnistes savent d\u00e9sormais que le r\u00e9gime va encore c\u00e9der, c\u00e9der et c\u00e9der encore, et ils maintiendront leur pression militaire, relay\u00e9e par la pression diplomatique des grandes puissances qui comptent dans le monde actuel.<\/p>\n<p>Il n\u2019y a pas lieu d\u2019attendre une quelconque accalmie dans ces zones. Certes, dans le meilleur des cas, la S\u00e9cession anglophone est l\u00e0 pour les 40 ans \u00e0 venir, dur\u00e9e de vie moyenne d\u2019un mouvement s\u00e9cessionniste, mais le probl\u00e8me aujourd\u2019hui n\u2019est plus de l\u2019\u00e9teindre d\u00e9finitivement, mais d\u2019en r\u00e9duire la nuisance et l\u2019attractivit\u00e9.<\/p>\n<p>Or, pour que cela soit possible, il est imp\u00e9ratif de d\u00e9sarmer l\u2019argumentaire historique de la S\u00e9cession qui, il faut le reconna\u00eetre, est extr\u00eamement solide : sous le contr\u00f4le des Nations-Unies, le Southern Cameroon avait le choix entre le Nigeria et le Cameroun. Il a choisi le Cameroun sur la base d\u2019un Etat f\u00e9d\u00e9ral. Sur la m\u00eame base, le Northern Cameroon a choisi le Nigeria.<\/p>\n<p>Devant un tribunal objectif, vous ne pouvez pas convaincre les juges que le Gouvernement du Cameroun a eu raison de supprimer la F\u00e9d\u00e9ration. Et on voit d\u2019ailleurs qu\u2019aucun pays dans le monde ne donne raison au Gouvernement, les mieux dispos\u00e9s \u00e0 son \u00e9gard se contentant de recommander de r\u00e9gler le probl\u00e8me dans l\u2019amiable.<\/p>\n<p>Et c\u2019est cela qu\u2019il faut faire, au lieu de jouer au petit malin. Cela ne nous apportera absolument rien.<\/p>\n<p>Cette politique de pourrissement et de petits pas favorisent plut\u00f4t la S\u00e9cession qui a r\u00e9ussi \u00e0 s\u2019imposer sur le plan international comme une probl\u00e9matique majeure quand des soi-disant patriotes rassuraient le Gouvernement qu\u2019il n\u2019y a rien.<\/p>\n<p>Ce qu\u2019il faut faire maintenant, c\u2019est restaurer la F\u00e9d\u00e9ration de 1961, \u00e9ventuellement actualis\u00e9e pour tenir compte des \u00e9volutions ult\u00e9rieures du syst\u00e8me. Il n\u2019y a pas de solution dans le maintien de l\u2019Etat unitaire et y persister, c\u2019est aggraver le probl\u00e8me.<\/p>\n<p>Bien entendu, certains disent qu\u2019une telle restauration n\u2019apportera aucune paix, au motif que les s\u00e9cessionnistes seraient manipul\u00e9s par des \u00e9trangers. Je ne dis pas non, mais au moins, le Gouvernement n\u2019aurait plus rien \u00e0 se reprocher et la S\u00e9cession n\u2019aurait plus l\u2019argument de l\u2019assimilation !<\/p>\n<p>Et cela compte !<\/p>\n<p>C\u2019est pour cette raison que j\u2019enjoins le Parlement \u00e0 \u00eatre utile au moins au moins une fois de sa vie, en ouvrant une v\u00e9ritable perspective pour le retour \u00e0 la F\u00e9d\u00e9ration, \u00e9ventuellement r\u00e9nov\u00e9e. C\u2019est le seul moyen pour ass\u00e9cher la s\u00e9cession anglophone.<\/p>\n<p>Cela ne signifie pas qu\u2019il doit proclamer la f\u00e9d\u00e9ration, mais qu\u2019il prenne une disposition qui dit clairement que la forme de l\u2019Etat peut \u00e9voluer si les populations en d\u00e9cident ainsi.<\/p>\n<p>Car, il faut le dire de mani\u00e8re claire, nette et d\u00e9finitive ! les Anglophones ne reviendront jamais \u00e0 l\u2019Etat unitaire. Il n\u2019existe aucune configuration de l\u2019Etat unitaire qui peut calmer la S\u00e9cession, car c\u2019est le mot \u00ab unitaire \u00bb qui est lui-m\u00eame devenu le carburant de la haine et de la guerre.<\/p>\n<p>Et c\u2019est cela que le Parlement devra comprendre.<\/p>\n<p>Mais s\u2019il persiste dans son statut de chambre d\u2019enregistrement, alors il aura aid\u00e9 le Gouvernement dans l\u2019effondrement du Cameroun.<\/p>\n<p><strong><em>*Ing\u00e9nieur Statisticien<\/em><\/strong><\/p>\n<div class=\"sharedaddy sd-sharing-enabled robots-nocontent sd-block sd-social sd-social-icon-text sd-sharing\">\n<h3 class=\"sd-title\">Partager\u00a0:<\/h3>\n<\/div>\n<p><h3 class=\"jp-relatedposts-headline\"><em>Articles similaires<\/em><\/h3>\n<\/p>\n<p>Auteur: Francky<br \/>\n<a href=\"https:\/\/ecomatin.net\/par-dieudonne-essombasession-speciale-du-parlement-dernier-espoir-pour-sauver-le-cameroun\/\">Cliquez ici pour lire l&rsquo;article depuis sa source.<\/a><\/p>\n","protected":false},"excerpt":{"rendered":"<p>Une session du Parlement est convoqu\u00e9e pour demain [vendredi 13 d\u00e9cembre 2019, Ndlr] et il y a lieu de croire qu\u2019elle portera sur le contenu de la d\u00e9centralisation et singuli\u00e8rement, du statut sp\u00e9cial des R\u00e9gions anglophones. Dans une certaine mesure, cette instance \u00e9tait attendue. En effet, le r\u00e9gime de Biya a \u00e9t\u00e9 l\u2019objet d\u2019une intense [&hellip;]<\/p>\n","protected":false},"author":1969,"featured_media":0,"comment_status":"closed","ping_status":"closed","sticky":false,"template":"","format":"standard","meta":{"fifu_image_url":"","fifu_image_alt":"","footnotes":""},"categories":[82,78],"tags":[],"class_list":["post-70656","post","type-post","status-publish","format-standard","hentry","category-cameroun","category-economie"],"_links":{"self":[{"href":"https:\/\/linitiative.ca\/International\/wp-json\/wp\/v2\/posts\/70656","targetHints":{"allow":["GET"]}}],"collection":[{"href":"https:\/\/linitiative.ca\/International\/wp-json\/wp\/v2\/posts"}],"about":[{"href":"https:\/\/linitiative.ca\/International\/wp-json\/wp\/v2\/types\/post"}],"author":[{"embeddable":true,"href":"https:\/\/linitiative.ca\/International\/wp-json\/wp\/v2\/users\/1969"}],"replies":[{"embeddable":true,"href":"https:\/\/linitiative.ca\/International\/wp-json\/wp\/v2\/comments?post=70656"}],"version-history":[{"count":0,"href":"https:\/\/linitiative.ca\/International\/wp-json\/wp\/v2\/posts\/70656\/revisions"}],"wp:attachment":[{"href":"https:\/\/linitiative.ca\/International\/wp-json\/wp\/v2\/media?parent=70656"}],"wp:term":[{"taxonomy":"category","embeddable":true,"href":"https:\/\/linitiative.ca\/International\/wp-json\/wp\/v2\/categories?post=70656"},{"taxonomy":"post_tag","embeddable":true,"href":"https:\/\/linitiative.ca\/International\/wp-json\/wp\/v2\/tags?post=70656"}],"curies":[{"name":"wp","href":"https:\/\/api.w.org\/{rel}","templated":true}]}}