{"id":70659,"date":"2019-12-18T15:32:12","date_gmt":"2019-12-18T20:32:12","guid":{"rendered":"https:\/\/linitiative.ca\/International\/laviation-civile-camerounaise-veut-se-premunir-des-attaques-terroristes\/"},"modified":"2019-12-18T15:32:12","modified_gmt":"2019-12-18T20:32:12","slug":"laviation-civile-camerounaise-veut-se-premunir-des-attaques-terroristes","status":"publish","type":"post","link":"https:\/\/linitiative.ca\/International\/laviation-civile-camerounaise-veut-se-premunir-des-attaques-terroristes\/","title":{"rendered":"L\u2019aviation civile camerounaise veut se pr\u00e9munir des attaques terroristes"},"content":{"rendered":"<p>Le Cameroun va s\u2019arrimer \u00e0 l\u2019annexe 17 de la Convention de Chicago sur les normes de s\u00fbret\u00e9 afin de contrecarrer l\u2019\u00e9volution des pratiques terroristes. Il est question de se pr\u00e9munir d\u2019attaques d\u2019a\u00e9ronefs similaires \u00e0 celle survenue sur l\u2019avion de Camair-Co \u00e0 Bamenda le 1<sup>er<\/sup> d\u00e9cembre dernier. C\u2019est en tout cas l\u2019une des informations importantes \u00e0 tirer des travaux de la 2<sup>e<\/sup> session annuelle du Comit\u00e9 national de s\u00fbret\u00e9 de l\u2019aviation civile (<strong>CNS<\/strong>) tenu le 18 d\u00e9cembre \u00e0 Yaound\u00e9. Les travaux, que pr\u00e9sidait le ministre des Transports, <strong>Ernest Massena Ngalle Bibehe,<\/strong> en pr\u00e9sence du ministre d\u00e9l\u00e9gu\u00e9 aupr\u00e8s du Mintransport <strong>Njoya Zakariaou<\/strong> et du directeur g\u00e9n\u00e9ral de l\u2019Autorit\u00e9 a\u00e9ronautique, avaient pour th\u00e9matique <em>\u00ab<strong>\u00a0<\/strong>Comment am\u00e9liorer la s\u00e9curit\u00e9\u00a0\u00bb.<\/em><\/p>\n<p><strong>Paule Avomo Assoumou<\/strong>, DG de la CCAA a ainsi affirm\u00e9 que <em>\u00ab le ciel camerounais devient attractif et est convoit\u00e9 par de nombreuses compagnies a\u00e9riennes de renom \u00bb<\/em>. Pour elle, <em>\u00ab le niveau des mesures de s\u00fbret\u00e9 a drastiquement chang\u00e9. La difficult\u00e9, c\u2019est parfois les r\u00e9sistances des usagers. Nous travaillons encore plus fort sur les autres a\u00e9roports parce que nous avons besoin d\u2019une s\u00fbret\u00e9 sur l\u2019ensemble de nos a\u00e9roports \u00bb.<\/em><\/p>\n<p>Comment ne pas parler de l\u2019incident du 1<sup>er<\/sup> d\u00e9cembre quand un a\u00e9ronef de la compagnie a\u00e9rienne nationale a \u00e9t\u00e9 attaqu\u00e9. Une attaque qui, selon le Mintransport, pose le probl\u00e8me de la s\u00fbret\u00e9 c\u00f4t\u00e9 ville. Un volet sur lequel l\u2019autorit\u00e9 a\u00e9ronautique se penche en ce moment<strong>. Jean Ernest Massena Ngalle Bibehe<\/strong> a formul\u00e9 un ensemble de recommandations \u00e0 l\u2019attention des diff\u00e9rents acteurs du secteur de l\u2019aviation civile.<\/p>\n<p>\u00c0 l\u2019autorit\u00e9 a\u00e9ronautique par exemple, il a ordonn\u00e9 de superviser plus que par le pass\u00e9, l\u2019activit\u00e9 a\u00e9rienne, en tenant \u00e0 jour le programme national de s\u00e9curit\u00e9 de l\u2019aviation civile, de veiller \u00e0 la stricte application des mesures de s\u00e9curit\u00e9 et de facilitation sur l\u2019ensemble de nos a\u00e9roports.<\/p>\n<p>En rappel, depuis la derni\u00e8re session, quelques avanc\u00e9es ont \u00e9t\u00e9 enregistr\u00e9es telles que cet exercice de gestion de crise de s\u00fbret\u00e9 grandeur nature organis\u00e9 \u00e0 l\u2019a\u00e9roport international de Douala et qui a permis de d\u00e9voiler la capacit\u00e9 de riposte du Cameroun face \u00e0 d\u2019\u00e9ventuelles attaques.<\/p>\n<div class=\"sharedaddy sd-sharing-enabled robots-nocontent sd-block sd-social sd-social-icon-text sd-sharing\">\n<h3 class=\"sd-title\">Partager\u00a0:<\/h3>\n<\/div>\n<p><h3 class=\"jp-relatedposts-headline\"><em>Articles similaires<\/em><\/h3>\n<\/p>\n<p>Auteur: Francky<br \/>\n<a href=\"https:\/\/ecomatin.net\/laviation-civile-camerounaise-veut-se-premunir-des-attaques-terroristes\/\">Cliquez ici pour lire l&rsquo;article depuis sa source.<\/a><\/p>\n","protected":false},"excerpt":{"rendered":"<p>Le Cameroun va s\u2019arrimer \u00e0 l\u2019annexe 17 de la Convention de Chicago sur les normes de s\u00fbret\u00e9 afin de contrecarrer l\u2019\u00e9volution des pratiques terroristes. Il est question de se pr\u00e9munir d\u2019attaques d\u2019a\u00e9ronefs similaires \u00e0 celle survenue sur l\u2019avion de Camair-Co \u00e0 Bamenda le 1er d\u00e9cembre dernier. C\u2019est en tout cas l\u2019une des informations importantes \u00e0 [&hellip;]<\/p>\n","protected":false},"author":1969,"featured_media":0,"comment_status":"closed","ping_status":"closed","sticky":false,"template":"","format":"standard","meta":{"fifu_image_url":"","fifu_image_alt":"","footnotes":""},"categories":[82,78],"tags":[],"class_list":["post-70659","post","type-post","status-publish","format-standard","hentry","category-cameroun","category-economie"],"_links":{"self":[{"href":"https:\/\/linitiative.ca\/International\/wp-json\/wp\/v2\/posts\/70659","targetHints":{"allow":["GET"]}}],"collection":[{"href":"https:\/\/linitiative.ca\/International\/wp-json\/wp\/v2\/posts"}],"about":[{"href":"https:\/\/linitiative.ca\/International\/wp-json\/wp\/v2\/types\/post"}],"author":[{"embeddable":true,"href":"https:\/\/linitiative.ca\/International\/wp-json\/wp\/v2\/users\/1969"}],"replies":[{"embeddable":true,"href":"https:\/\/linitiative.ca\/International\/wp-json\/wp\/v2\/comments?post=70659"}],"version-history":[{"count":0,"href":"https:\/\/linitiative.ca\/International\/wp-json\/wp\/v2\/posts\/70659\/revisions"}],"wp:attachment":[{"href":"https:\/\/linitiative.ca\/International\/wp-json\/wp\/v2\/media?parent=70659"}],"wp:term":[{"taxonomy":"category","embeddable":true,"href":"https:\/\/linitiative.ca\/International\/wp-json\/wp\/v2\/categories?post=70659"},{"taxonomy":"post_tag","embeddable":true,"href":"https:\/\/linitiative.ca\/International\/wp-json\/wp\/v2\/tags?post=70659"}],"curies":[{"name":"wp","href":"https:\/\/api.w.org\/{rel}","templated":true}]}}