{"id":70663,"date":"2019-12-19T09:15:33","date_gmt":"2019-12-19T14:15:33","guid":{"rendered":"https:\/\/linitiative.ca\/International\/lautonomisation-des-femmes-marocaines-desormais-inscrite-a-lagenda-national\/"},"modified":"2019-12-19T09:15:33","modified_gmt":"2019-12-19T14:15:33","slug":"lautonomisation-des-femmes-marocaines-desormais-inscrite-a-lagenda-national","status":"publish","type":"post","link":"https:\/\/linitiative.ca\/International\/lautonomisation-des-femmes-marocaines-desormais-inscrite-a-lagenda-national\/","title":{"rendered":"L\u2019autonomisation des femmes marocaines d\u00e9sormais inscrite \u00e0 l\u2019agenda national"},"content":{"rendered":"<p><img decoding=\"async\" class=\"post_layout_5_img\" src=\"http:\/\/aujourdhui.ma\/wp-content\/uploads\/2019\/12\/Re%CC%81seau-de-femmes-leaders-africaines.jpg?x29840\" alt=\"L\u2019autonomisation des femmes marocaines d\u00e9sormais inscrite \u00e0 l\u2019agenda national\"\/><\/p>\n<p class=\"p1\"><span class=\"c5\"><strong><span class=\"s1 c4\"><em>A travers le lancement du chapitre national du R\u00e9seau des femmes leaders africaines<\/em><\/span><\/strong><\/span><span id=\"more-327305\"\/><\/p>\n<div class=\"base-box mom_box_sc_custom mom_box_sc clear c6\" readability=\"10\">\n<p class=\"p1\"><strong><em>Dans le but du renforcement du pouvoir \u00e9conomique des femmes, le Maroc s\u2019est joint \u00e0 de nombreux pays africains dans le lancement du R\u00e9seau de femmes leaders africaines en vue de contribuer \u00e0 la transformation de l\u2019Afrique.<\/em><\/strong><\/p>\n<\/div>\n<p class=\"p1\"><span class=\"s1\">Donner aux femmes les moyens de participer pleinement \u00e0 la vie \u00e9conomique, dans tous les secteurs et \u00e0 tous les niveaux de l\u2019activit\u00e9 \u00e9conomique est devenu une priorit\u00e9 de plus en plus pressante. Des actions intentionnelles et des politiques d\u00e9lib\u00e9r\u00e9es sont toutefois n\u00e9cessaires pour que soient mis \u00e0 profit les talents, les comp\u00e9tences, les exp\u00e9riences et l\u2019\u00e9nergie des femmes.<\/span><\/p>\n<p class=\"p1\"><span class=\"s1\">A la lumi\u00e8re de ces \u00e9l\u00e9ments et dans le but du renforcement du pouvoir \u00e9conomique des femmes, le Maroc s\u2019est joint \u00e0 de nombreux pays africains dans le lancement du R\u00e9seau de femmes leaders africaines en vue de contribuer \u00e0 la transformation de l\u2019Afrique.<\/span><\/p>\n<p class=\"p1\"><span class=\"s1\">C\u2019est \u00e0 Casablanca que des femmes \u00e9manant de divers secteurs et domaines se sont r\u00e9unies mardi pour participer au lancement du chapitre national du R\u00e9seau des femmes leaders africaines.<\/span><\/p>\n<p class=\"p1\"><span class=\"s1\">Ce lancement avait pour objectif de pr\u00e9senter le r\u00e9seau aux diff\u00e9rentes parties prenantes, de discuter du r\u00f4le des femmes dans la transformation de l\u2019\u00e9conomie et de l\u2019importance de l\u2019inclusion financi\u00e8re des femmes dans le d\u00e9veloppement du pays.<\/span><\/p>\n<p class=\"p1\"><span class=\"s1\">Le lancement du R\u00e9seau des femmes leaders africaines au Maroc s\u2019est d\u00e9roul\u00e9 en pr\u00e9sence de plusieurs personnalit\u00e9s, notamment Jamila El Moussali, ministre de la solidarit\u00e9, du d\u00e9veloppement social, de l\u2019\u00e9galit\u00e9 et la famille, de la repr\u00e9sentante r\u00e9sidente de ONU Femmes au Maroc Leila Rhiwi, de Awa Ndiaye Seck, repr\u00e9sentante r\u00e9sidente de ONU Femmes en C\u00f4te d\u2019Ivoire, de l\u2019ambassadeur du Royaume-Uni au Maroc, Thomas Reilly, et de la pr\u00e9sidente de la section AWLN Maroc (African Women Leaders Network) Nabila Freidji, vice-pr\u00e9sidente \u00e0 la CGEM en charge de la coop\u00e9ration internationale.<\/span><\/p>\n<p class=\"p1\"><span class=\"s1\">Dans son allocution, Mme Freidji a d\u00e9clar\u00e9 que <em>\u00abpour son premier mandat, la section Maroc place en t\u00eate de ses priorit\u00e9s, tout en se conformant au plan d\u2019action au niveau continental, le renforcement du pouvoir \u00e9conomique des femmes\u00bb<\/em>.<\/span><\/p>\n<p class=\"p1\"><span class=\"s1\">En effet, selon le HCP, les indicateurs de la participation des femmes \u00e0 la vie \u00e9conomique comptent parmi les plus faibles au monde (22% en 2018). Par ailleurs, le taux des femmes chefs d\u2019entreprises plafonne seulement \u00e0 10%. Enfin, lorsqu\u2019elles travaillent, les femmes ont des occupations pr\u00e9caires, non r\u00e9mun\u00e9r\u00e9es et sans protection sociale.<\/span><\/p>\n<p class=\"p1\"><span class=\"s1\">Leur situation est \u00e9galement critique en milieu rural o\u00f9 les femmes sont \u00e0 70% travailleuses non r\u00e9mun\u00e9r\u00e9es.<\/span><\/p>\n<p class=\"p1\"><span class=\"s1\">A l\u2019issue du lancement, un plan d\u2019action sera adopt\u00e9 par les membres du r\u00e9seau et dans lequel les membres vont s\u2019engager, entre autres, \u00e0 <em>\u00ab\u00e9tablir et entretenir un r\u00e9seau inclusif\u00bb<\/em> et \u00e0 travailler sur les domaines de l\u2019autonomisation \u00e9conomique des femmes rurales, le leadership des jeunes femmes, l\u2019inclusion financi\u00e8re et l\u2019\u00e9change au niveau continental via le business.<\/span><\/p>\n<p>Auteur: ALM<br \/>\n<a href=\"http:\/\/aujourdhui.ma\/societe\/lautonomisation-des-femmes-marocaines-desormais-inscrite-a-lagenda-national\">Cliquez ici pour lire l&rsquo;article depuis sa source.<\/a><\/p>\n","protected":false},"excerpt":{"rendered":"<p>A travers le lancement du chapitre national du R\u00e9seau des femmes leaders africaines Dans le but du renforcement du pouvoir \u00e9conomique des femmes, le Maroc s\u2019est joint \u00e0 de nombreux pays africains dans le lancement du R\u00e9seau de femmes leaders africaines en vue de contribuer \u00e0 la transformation de l\u2019Afrique. Donner aux femmes les moyens [&hellip;]<\/p>\n","protected":false},"author":1759,"featured_media":0,"comment_status":"closed","ping_status":"closed","sticky":false,"template":"","format":"standard","meta":{"fifu_image_url":"","fifu_image_alt":"","footnotes":""},"categories":[73,54],"tags":[],"class_list":["post-70663","post","type-post","status-publish","format-standard","hentry","category-actualite","category-maroc"],"_links":{"self":[{"href":"https:\/\/linitiative.ca\/International\/wp-json\/wp\/v2\/posts\/70663","targetHints":{"allow":["GET"]}}],"collection":[{"href":"https:\/\/linitiative.ca\/International\/wp-json\/wp\/v2\/posts"}],"about":[{"href":"https:\/\/linitiative.ca\/International\/wp-json\/wp\/v2\/types\/post"}],"author":[{"embeddable":true,"href":"https:\/\/linitiative.ca\/International\/wp-json\/wp\/v2\/users\/1759"}],"replies":[{"embeddable":true,"href":"https:\/\/linitiative.ca\/International\/wp-json\/wp\/v2\/comments?post=70663"}],"version-history":[{"count":0,"href":"https:\/\/linitiative.ca\/International\/wp-json\/wp\/v2\/posts\/70663\/revisions"}],"wp:attachment":[{"href":"https:\/\/linitiative.ca\/International\/wp-json\/wp\/v2\/media?parent=70663"}],"wp:term":[{"taxonomy":"category","embeddable":true,"href":"https:\/\/linitiative.ca\/International\/wp-json\/wp\/v2\/categories?post=70663"},{"taxonomy":"post_tag","embeddable":true,"href":"https:\/\/linitiative.ca\/International\/wp-json\/wp\/v2\/tags?post=70663"}],"curies":[{"name":"wp","href":"https:\/\/api.w.org\/{rel}","templated":true}]}}